{"id":6799,"date":"2020-05-23T17:00:26","date_gmt":"2020-05-23T20:00:26","guid":{"rendered":"http:\/\/portalmovil.com.ar\/?p=6799"},"modified":"2020-05-23T17:01:20","modified_gmt":"2020-05-23T20:01:20","slug":"capitanich-confirmo-financiamiento-para-200-viviendas-en-el-b-gran-toba","status":"publish","type":"post","link":"https:\/\/portalmovil.com.ar\/index.php\/2020\/05\/23\/capitanich-confirmo-financiamiento-para-200-viviendas-en-el-b-gran-toba\/","title":{"rendered":"Capitanich confirm\u00f3 financiamiento para 200 viviendas en el B\u00b0 Gran Toba"},"content":{"rendered":"\n<p>El gobernador Jorge Capitanich confirm\u00f3 este s\u00e1bado una inversi\u00f3n cercana a los 500 millones de pesos para construir 200 viviendas en el Gran Toba de Resistencia, una reparaci\u00f3n hist\u00f3rica para esa comunidad de 5 mil personas. \u201cEl presidente Fern\u00e1ndez me convoc\u00f3 el martes para la firma de un convenio de construcci\u00f3n de 200 viviendas y obras complementarias para resolver las demandas del Gran Toba\u201d, anunci\u00f3 Capitanich, destacando \u201cla deferencia y la atenci\u00f3n\u201d del primer mandatario para con las comunidades originarias.<\/p>\n\n\n\n<p>El gobernador resalt\u00f3 que \u201cesta es una excelente noticia despu\u00e9s de 4 a\u00f1os de interrupci\u00f3n de transferencias, para la erradicaci\u00f3n de viviendas-ranchos y el reemplazo de viviendas precarias\u201d. A ese financiamiento, el Gobierno provincial, paralelamente, le sumar\u00e1 inversi\u00f3n propia \u201cpara construir pavimento urbano, iluminaci\u00f3n LED, construcci\u00f3n del polideportivo, refacci\u00f3n integral del edificio escolar, fortalecimiento del programa de inclusi\u00f3n social, prevenci\u00f3n y recuperaci\u00f3n de adicciones, seguridad p\u00fablica y desarrollo de oportunidades para la comunidad\u201d, ampli\u00f3 el gobernador.<\/p>\n\n\n\n<h3 class=\"wp-block-heading\">Despliegue territorial<\/h3>\n\n\n\n<figure class=\"wp-block-image\"><img decoding=\"async\" src=\"http:\/\/agenciafoco.com.ar\/media\/cache\/quality\/uploads\/noticias\/5ec975828abe8457669348.jpg\" alt=\"\"\/><\/figure>\n\n\n\n<p>Este s\u00e1bado el Gobierno provincial realiz\u00f3 un operativo de abordaje territorial y de asistencia alimentaria y sanitaria en el Gran Toba, abarcando a los barrios Toba 1 y 2, Cheliy\u00ed 1 y 2, Cotap, Camalote, Crescencio L\u00f3pez y Am\u00e9rica, junto al Ej\u00e9rcito Argentino. El operativo de abordaje territorial despleg\u00f3 el ministerio de Desarrollo Social, desde la subsecretar\u00eda de Econom\u00eda y Pol\u00edticas Sociales, junto al ministerio de Salud P\u00fablica, la fundaci\u00f3n Chaco Solidario, Loter\u00eda Chaque\u00f1a y referentes barriales, con la contribuci\u00f3n log\u00edstica del Ej\u00e9rcito Argentino.<\/p>\n\n\n\n<p>La ministra de Desarrollo Social, P\u00eda Chiacchio Cavana, se\u00f1al\u00f3 que \u201cconsisti\u00f3 en la provisi\u00f3n de alimentos para los pr\u00f3ximos 10 d\u00edas, frutas y verduras de productores chaque\u00f1os y todo lo que tiene que ver con elementos de higiene y limpieza personal para garantizar las medidas de bioseguridad\u201d. Se entregaron 3 mil m\u00f3dulos alimentarios; 800 bolsines de sanitizantes, barbijos, alcohol en gel y repelentes; 3 mil lavandinas y 6 mil jabones.<\/p>\n\n\n\n<h3 class=\"wp-block-heading\">Trabajo sostenido<\/h3>\n\n\n\n<figure class=\"wp-block-image\"><img decoding=\"async\" src=\"http:\/\/agenciafoco.com.ar\/media\/cache\/quality\/uploads\/noticias\/5ec9782462b23471198708.jpg\" alt=\"\"\/><\/figure>\n\n\n\n<p>Este s\u00e1bado el Gobierno provincial realiz\u00f3 un operativo de abordaje territorial y de asistencia alimentaria y sanitaria en el Gran Toba.<\/p>\n\n\n\n<p>Chiacchio Cavana defini\u00f3 que las acciones de hoy son un complemento de lo que la cartera social ya viene desarrollando desde que se decretara el aislamiento social, preventivo y obligatorio, a mediados de marzo por Covid-19. \u201cEn promedio, en el comedor escolar se preparan entre 650 y 800 raciones diarias, que en la semana significan 3.200 raciones para las familias del Gran Toba, adem\u00e1s de aportar semanalmente m\u00f3dulos alimentarios a casos especiales\u201d, puntualiz\u00f3.<\/p>\n\n\n\n<p>\u201cA toda la tarea sanitaria que viene desplegando el gobierno en la zona, aportamos lo que es contenci\u00f3n social, como se\u00f1alara el gobernador Jorge Capitanich, estamos poniendo el Estado al servicio de la gente, para que cada chaque\u00f1a y chaque\u00f1o con su compromiso individual pueda generar al aporte necesario para la acci\u00f3n colectiva y poder entre todos detener el avance del virus\u201d, expres\u00f3.<\/p>\n\n\n\n<p>En el complejo se instal\u00f3 un polo sanitario, a cargo de la subsecretaria de Salud Comunitaria, Carolina Centeno, un m\u00f3dulo triage y una carpa sanitaria del Ej\u00e9rcito. La meta del polo sanitario es aumentar la capacidad de atenci\u00f3n diaria del operativo, incrementar la captaci\u00f3n de muestras a 50 hisopados por d\u00eda, y detectar de manera temprana casos positivos o descarte de sospechosos negativos, como tambi\u00e9n optimizar los espacios de aislamiento de pacientes con COVID-19 en el CIC barrial.<\/p>\n\n\n\n<p>Diariamente 25 profesionales de salud intervienen, entre aquellos que forman parte del equipo permanente del centro de salud del barrio, y quienes dada la emergencia realizan labores en el Centro Integral Comunitario (CIC) de la Escuela P\u00fablica de Gesti\u00f3n Comunitaria Biling\u00fce Intercultural Ind\u00edgena N\u00b0 1, as\u00ed como aquellos agentes sanitarios que hacen visitas domiciliarias.<\/p>\n\n\n\n<p>Se brinda atenci\u00f3n de consultas por coronavirus, control de febriles, problemas respiratorios y otras sintomatolog\u00edas relacionadas a la enfermedad; hisopado y toma de muestras de casos sospechosos, aislamiento de casos positivos y de contactos estrechos (domiciliario o en el CIC), derivaci\u00f3n a centros hospitalarios de pacientes COVID-19 con complicaciones, entre otras.<\/p>\n\n\n\n<p>Paralelamente, el centro de salud sigue su funcionamiento habitual para la atenci\u00f3n de pacientes con enfermedades cr\u00f3nicas u otras patolog\u00edas no relacionadas con la pandemia, el control de embarazadas y pacientes de primera infancia, la entrega de anticonceptivos, y las campa\u00f1as incluidas en el calendario de vacunaci\u00f3n. La idea del polo sanitario es dividir al barrio en dos<\/p>\n\n\n\n<p>El Ministerio de Seguridad y Justicia dispuso un esquema de cerramiento preventivo, con vallados en los accesos principales y mont\u00edculos de tierra en intersecciones de las calles secundarias: Juan Manuel de Rosas y calle 15, Crisanto Dom\u00ednguez y calle 16, Santa Fe al 2000, Marcelo T. de Alvear y calle 12.<\/p>\n\n\n\n<p>Hay una casilla de la Polic\u00eda de la provincia con retenes de seguridad de Prefectura Naval y Gendarmer\u00eda; adem\u00e1s hay m\u00f3dulos de Polic\u00eda de Seguridad Aeroportuaria realizando apoyo t\u00e9cnico a los trabajadores sanitarios que trabajan en el barrio. Este esquema fue diagramado junto al ministerio de Infraestructura, Log\u00edstica y Servicios P\u00fablicos, para minimizar la circulaci\u00f3n de los vecinos hacia barrios aleda\u00f1os.<\/p>\n\n\n\n<p>La secretar\u00eda de Desarrollo Territorial y Ambiente realiza tareas de desmalezamiento, erradicaci\u00f3n de mini basurales a cielo abierto, limpieza de cunetas, fumigaci\u00f3n, desinfecci\u00f3n y recolecci\u00f3n diaria de residuos. La secretar\u00eda de Derechos Humanos y G\u00e9neros lleva a cabo asistencia psicol\u00f3gica y contenci\u00f3n a las personas contagiadas y a los familiares de los fallecidos por la pandemia. En tanto que la fundaci\u00f3n Chaco Solidario entreg\u00f3 5 mil tapabocas.<\/p>\n","protected":false},"excerpt":{"rendered":"<p>El gobernador Jorge Capitanich confirm\u00f3 este s\u00e1bado una inversi\u00f3n cercana a los 500 millones de pesos para construir 200 viviendas en el Gran Toba de Resistencia, una reparaci\u00f3n hist\u00f3rica para esa comunidad de 5 mil personas. \u201cEl presidente Fern\u00e1ndez me convoc\u00f3 el martes para la firma de un convenio de construcci\u00f3n de 200 viviendas y &hellip;<\/p>\n","protected":false},"author":2,"featured_media":6800,"comment_status":"open","ping_status":"open","sticky":false,"template":"","format":"standard","meta":{"_jetpack_memberships_contains_paid_content":false,"footnotes":"","jetpack_publicize_message":"","jetpack_publicize_feature_enabled":true,"jetpack_social_post_already_shared":true,"jetpack_social_options":{"image_generator_settings":{"template":"highway","default_image_id":0,"font":"","enabled":false},"version":2}},"categories":[14],"tags":[],"class_list":["post-6799","post","type-post","status-publish","format-standard","has-post-thumbnail","hentry","category-politica"],"jetpack_publicize_connections":[],"jetpack_featured_media_url":"https:\/\/portalmovil.com.ar\/wp-content\/uploads\/2020\/05\/5ec977cd899b2027818967.jpg","jetpack_sharing_enabled":true,"amp_enabled":true,"_links":{"self":[{"href":"https:\/\/portalmovil.com.ar\/index.php\/wp-json\/wp\/v2\/posts\/6799","targetHints":{"allow":["GET"]}}],"collection":[{"href":"https:\/\/portalmovil.com.ar\/index.php\/wp-json\/wp\/v2\/posts"}],"about":[{"href":"https:\/\/portalmovil.com.ar\/index.php\/wp-json\/wp\/v2\/types\/post"}],"author":[{"embeddable":true,"href":"https:\/\/portalmovil.com.ar\/index.php\/wp-json\/wp\/v2\/users\/2"}],"replies":[{"embeddable":true,"href":"https:\/\/portalmovil.com.ar\/index.php\/wp-json\/wp\/v2\/comments?post=6799"}],"version-history":[{"count":1,"href":"https:\/\/portalmovil.com.ar\/index.php\/wp-json\/wp\/v2\/posts\/6799\/revisions"}],"predecessor-version":[{"id":6801,"href":"https:\/\/portalmovil.com.ar\/index.php\/wp-json\/wp\/v2\/posts\/6799\/revisions\/6801"}],"wp:featuredmedia":[{"embeddable":true,"href":"https:\/\/portalmovil.com.ar\/index.php\/wp-json\/wp\/v2\/media\/6800"}],"wp:attachment":[{"href":"https:\/\/portalmovil.com.ar\/index.php\/wp-json\/wp\/v2\/media?parent=6799"}],"wp:term":[{"taxonomy":"category","embeddable":true,"href":"https:\/\/portalmovil.com.ar\/index.php\/wp-json\/wp\/v2\/categories?post=6799"},{"taxonomy":"post_tag","embeddable":true,"href":"https:\/\/portalmovil.com.ar\/index.php\/wp-json\/wp\/v2\/tags?post=6799"}],"curies":[{"name":"wp","href":"https:\/\/api.w.org\/{rel}","templated":true}]}}