{"id":67808,"date":"2022-12-07T10:03:42","date_gmt":"2022-12-07T13:03:42","guid":{"rendered":"https:\/\/portalmovil.com.ar\/?p=67808"},"modified":"2022-12-07T10:03:46","modified_gmt":"2022-12-07T13:03:46","slug":"en-tucuman-vuelve-a-ser-obligatorio-el-uso-del-barbijo","status":"publish","type":"post","link":"https:\/\/portalmovil.com.ar\/index.php\/2022\/12\/07\/en-tucuman-vuelve-a-ser-obligatorio-el-uso-del-barbijo\/","title":{"rendered":"En Tucum\u00e1n vuelve a ser obligatorio el uso del barbijo"},"content":{"rendered":"\n<p>Ante la suba de casos de coronavirus, en\u00a0Tucum\u00e1n, el Ministerio de Salud indic\u00f3 que desde este martes, se volver\u00e1 al uso del barbijo obligatorio. Sin embargo, ser\u00e1 requisito indispensable para centros de salud p\u00fablicos y privados, tanto para pacientes como para trabajadores de cada lugar.<\/p>\n\n\n\n<p>As\u00ed lo determin\u00f3 el ministro de Salud de dicha provincia, Luis Medina Ruiz,&nbsp;<strong>debido al aumento de casos de coronavirus que se registraron en las \u00faltimas semanas.<\/strong><\/p>\n\n\n\n<p><strong>\u201cLa situaci\u00f3n epidemiol\u00f3gica en Tucum\u00e1n es similar a la de todo el pa\u00eds y la regi\u00f3n, con un aumento de casos de Covid-19 que no son graves, gracias a la gran adherencia a las vacunas\u201d,<\/strong>&nbsp;dijo Medina Ruiz, en conferencia de prensa.<\/p>\n\n\n\n<p>El ministro indic\u00f3 que, por ello, \u201ctomamos la decisi\u00f3n, a partir de una reuni\u00f3n que hubo ayer en el Comit\u00e9 Operativo de Emergencia Sanitaria (COES),<strong>&nbsp;sobre la obligatoriedad del uso del barbijo dentro de los centros asistenciales de salud tanto p\u00fablicos como privados\u201d, para los trabajadores como para los pacientes.<\/strong><\/p>\n\n\n\n<p><strong>\u201cEstamos hablando de hospitales, CAPS, centros de salud p\u00fablicos y privados, centros de diagn\u00f3sticos, laboratorios, diagn\u00f3sticos por im\u00e1genes, entre otros\u201d, agreg\u00f3.<\/strong><\/p>\n\n\n\n<p>Esta medida \u201ctiene el \u00fanico fundamento que es preservar la salud del recurso humano\u201d, sostuvo Medina Ru\u00edz.<\/p>\n\n\n\n<p>El titular de la cartera de Salud provincial precis\u00f3 \u201cque<strong>&nbsp;hoy se registraron 85 casos y debemos tener en cuenta que ven\u00edamos con 3 o 4 por d\u00eda\u201d.<\/strong><\/p>\n\n\n\n<p>Por \u00faltimo,&nbsp;<strong>recomend\u00f3 \u201cel uso del barbijo en los lugares cerrados, en el trasporte p\u00fablico y en oficinas, tanto p\u00fablicas como privadas, ya que muchas personas trabajan en oficinas que no tienen ventilaci\u00f3n adecuada\u201d.<\/strong><\/p>\n","protected":false},"excerpt":{"rendered":"<p>Ante la suba de casos de coronavirus, en\u00a0Tucum\u00e1n, el Ministerio de Salud indic\u00f3 que desde este martes, se volver\u00e1 al uso del barbijo obligatorio. Sin embargo, ser\u00e1 requisito indispensable para centros de salud p\u00fablicos y privados, tanto para pacientes como para trabajadores de cada lugar. As\u00ed lo determin\u00f3 el ministro de Salud de dicha provincia, &hellip;<\/p>\n","protected":false},"author":2,"featured_media":67809,"comment_status":"open","ping_status":"open","sticky":false,"template":"","format":"standard","meta":{"_jetpack_memberships_contains_paid_content":false,"footnotes":"","jetpack_publicize_message":"","jetpack_publicize_feature_enabled":true,"jetpack_social_post_already_shared":true,"jetpack_social_options":{"image_generator_settings":{"template":"highway","default_image_id":0,"font":"","enabled":false},"version":2}},"categories":[639,46],"tags":[],"class_list":["post-67808","post","type-post","status-publish","format-standard","has-post-thumbnail","hentry","category-argentina","category-salud"],"jetpack_publicize_connections":[],"jetpack_featured_media_url":"https:\/\/portalmovil.com.ar\/wp-content\/uploads\/2022\/12\/f36752e6-df3c-4c49-9510-40287e51a7a0.jpg","jetpack_sharing_enabled":true,"amp_enabled":true,"_links":{"self":[{"href":"https:\/\/portalmovil.com.ar\/index.php\/wp-json\/wp\/v2\/posts\/67808","targetHints":{"allow":["GET"]}}],"collection":[{"href":"https:\/\/portalmovil.com.ar\/index.php\/wp-json\/wp\/v2\/posts"}],"about":[{"href":"https:\/\/portalmovil.com.ar\/index.php\/wp-json\/wp\/v2\/types\/post"}],"author":[{"embeddable":true,"href":"https:\/\/portalmovil.com.ar\/index.php\/wp-json\/wp\/v2\/users\/2"}],"replies":[{"embeddable":true,"href":"https:\/\/portalmovil.com.ar\/index.php\/wp-json\/wp\/v2\/comments?post=67808"}],"version-history":[{"count":1,"href":"https:\/\/portalmovil.com.ar\/index.php\/wp-json\/wp\/v2\/posts\/67808\/revisions"}],"predecessor-version":[{"id":67810,"href":"https:\/\/portalmovil.com.ar\/index.php\/wp-json\/wp\/v2\/posts\/67808\/revisions\/67810"}],"wp:featuredmedia":[{"embeddable":true,"href":"https:\/\/portalmovil.com.ar\/index.php\/wp-json\/wp\/v2\/media\/67809"}],"wp:attachment":[{"href":"https:\/\/portalmovil.com.ar\/index.php\/wp-json\/wp\/v2\/media?parent=67808"}],"wp:term":[{"taxonomy":"category","embeddable":true,"href":"https:\/\/portalmovil.com.ar\/index.php\/wp-json\/wp\/v2\/categories?post=67808"},{"taxonomy":"post_tag","embeddable":true,"href":"https:\/\/portalmovil.com.ar\/index.php\/wp-json\/wp\/v2\/tags?post=67808"}],"curies":[{"name":"wp","href":"https:\/\/api.w.org\/{rel}","templated":true}]}}