{"id":67790,"date":"2022-12-06T20:45:30","date_gmt":"2022-12-06T23:45:30","guid":{"rendered":"https:\/\/portalmovil.com.ar\/?p=67790"},"modified":"2022-12-06T21:12:56","modified_gmt":"2022-12-07T00:12:56","slug":"presentan-los-nuevos-colectivos-que-se-sumaran-al-sistema-integrado-de-transporte-del-area-metropolitana","status":"publish","type":"post","link":"https:\/\/portalmovil.com.ar\/index.php\/2022\/12\/06\/presentan-los-nuevos-colectivos-que-se-sumaran-al-sistema-integrado-de-transporte-del-area-metropolitana\/","title":{"rendered":"Presentan los nuevos colectivos que se sumar\u00e1n al Sistema Integrado de Transporte del \u00c1rea Metropolitana"},"content":{"rendered":"\n<p>En el marco de la implementaci\u00f3n del nuevo Sistema Integrado de Transporte del \u00c1rea Metropolitana (SITAM), este mi\u00e9rcoles 7 de diciembre a las 10:30 se llevar\u00e1 adelante una conferencia de prensa en la Usina Urbana en el Parque Urbano Tiro Federal, para brindar detalles sobre las nuevas unidades y el servicio de transporte en Resistencia, Barranqueras, Vilelas y Fontana.<\/p>\n\n\n\n<p>Encabezar\u00e1n el encuentro el gobernador Jorge Milton Capitanich, la vicegobernadora Anal\u00eda Rach Quiroga, el ministro de Planificaci\u00f3n, Econom\u00eda e Infraestructura Santiago P\u00e9rez Pons y el subsecretario de Transporte Tom\u00e1s Yazlle.<\/p>\n\n\n\n<p>Los vecinos podr\u00e1n acercarse al predio donde estar\u00e1n exhibidas las unidades que se sumar\u00e1n al SITAM y a partir de las 18 habr\u00e1 stands para realizar tr\u00e1mites referidos a Transporte.<\/p>\n\n\n\n<p>En el lugar habr\u00e1 operativo de SUBE estudiantil y para personas con discapacidad. Adem\u00e1s, podr\u00e1n realizar consultas y recibir asesoramiento por parte de los equipos t\u00e9cnicos de la Subsecretar\u00eda de Transporte sobre distintas gestiones y prestaciones del \u00e1rea, como as\u00ed tambi\u00e9n conocer la App donde se brinda informaci\u00f3n sobre el transporte p\u00fablico, sus recorridos y paradas.<\/p>\n\n\n\n<p>Asimismo, las familias encontrar\u00e1n un stand del Instituto Provincial de Desarrollo Urbano y de Vivienda (IPDUV), donde podr\u00e1n informarse y profundizar sobre el desarrollo urbano en Resistencia y la regi\u00f3n.<\/p>\n\n\n\n<p><strong>Detalles de las nuevas unidades<\/strong><\/p>\n\n\n\n<p>Con el objetivo de contar con 200 coches 0km para 2023, las nuevas unidades se sumar\u00e1n pr\u00f3ximamente al servicio de transporte. La renovaci\u00f3n del parque automotor ser\u00e1 posible a trav\u00e9s de una gesti\u00f3n p\u00fablico-privada, con una inversi\u00f3n de 11 mil millones de pesos. Con esto se busca garantizar un servicio m\u00e1s seguro, confortable y accesible a toda la poblaci\u00f3n.<\/p>\n\n\n\n<p>En este marco, se pasar\u00e1 de 190 a 250 coches en el servicio de transporte p\u00fablico de pasajeros en el \u00e1rea metropolitana, ampliando en un 30% la cobertura espacial y acercando en un 17% las y los usuarios que pueden acceder al servicio.<\/p>\n\n\n\n<p>El plan integral proyecta un crecimiento del 24% de la flota y contempla una renovaci\u00f3n donde todas las unidades ser\u00e1n motor Di\u00e9sel V, cumpliendo con los par\u00e1metros internacionales de preservaci\u00f3n del ambiente. Adem\u00e1s, el 25% de la flota contar\u00e1 con ascensores para personas con capacidad motriz reducida y el 50% tendr\u00e1 aire acondicionado para garantizar la seguridad y confort de vecinos. Asimismo, la totalidad de las unidades tendr\u00e1n dispositivos GPS y la tarjeta SUBE como \u00fanico medio oficial de pago.<\/p>\n","protected":false},"excerpt":{"rendered":"<p>En el marco de la implementaci\u00f3n del nuevo Sistema Integrado de Transporte del \u00c1rea Metropolitana (SITAM), este mi\u00e9rcoles 7 de diciembre a las 10:30 se llevar\u00e1 adelante una conferencia de prensa en la Usina Urbana en el Parque Urbano Tiro Federal, para brindar detalles sobre las nuevas unidades y el servicio de transporte en Resistencia, &hellip;<\/p>\n","protected":false},"author":2,"featured_media":66410,"comment_status":"open","ping_status":"open","sticky":false,"template":"","format":"standard","meta":{"_jetpack_memberships_contains_paid_content":false,"footnotes":"","jetpack_publicize_message":"","jetpack_publicize_feature_enabled":true,"jetpack_social_post_already_shared":true,"jetpack_social_options":{"image_generator_settings":{"template":"highway","default_image_id":0,"font":"","enabled":false},"version":2}},"categories":[5,14],"tags":[],"class_list":["post-67790","post","type-post","status-publish","format-standard","has-post-thumbnail","hentry","category-chaco","category-politica"],"jetpack_publicize_connections":[],"jetpack_featured_media_url":"https:\/\/portalmovil.com.ar\/wp-content\/uploads\/2022\/11\/314714699_704714401005164_9043445376715078071_n.jpg","jetpack_sharing_enabled":true,"amp_enabled":true,"_links":{"self":[{"href":"https:\/\/portalmovil.com.ar\/index.php\/wp-json\/wp\/v2\/posts\/67790","targetHints":{"allow":["GET"]}}],"collection":[{"href":"https:\/\/portalmovil.com.ar\/index.php\/wp-json\/wp\/v2\/posts"}],"about":[{"href":"https:\/\/portalmovil.com.ar\/index.php\/wp-json\/wp\/v2\/types\/post"}],"author":[{"embeddable":true,"href":"https:\/\/portalmovil.com.ar\/index.php\/wp-json\/wp\/v2\/users\/2"}],"replies":[{"embeddable":true,"href":"https:\/\/portalmovil.com.ar\/index.php\/wp-json\/wp\/v2\/comments?post=67790"}],"version-history":[{"count":2,"href":"https:\/\/portalmovil.com.ar\/index.php\/wp-json\/wp\/v2\/posts\/67790\/revisions"}],"predecessor-version":[{"id":67792,"href":"https:\/\/portalmovil.com.ar\/index.php\/wp-json\/wp\/v2\/posts\/67790\/revisions\/67792"}],"wp:featuredmedia":[{"embeddable":true,"href":"https:\/\/portalmovil.com.ar\/index.php\/wp-json\/wp\/v2\/media\/66410"}],"wp:attachment":[{"href":"https:\/\/portalmovil.com.ar\/index.php\/wp-json\/wp\/v2\/media?parent=67790"}],"wp:term":[{"taxonomy":"category","embeddable":true,"href":"https:\/\/portalmovil.com.ar\/index.php\/wp-json\/wp\/v2\/categories?post=67790"},{"taxonomy":"post_tag","embeddable":true,"href":"https:\/\/portalmovil.com.ar\/index.php\/wp-json\/wp\/v2\/tags?post=67790"}],"curies":[{"name":"wp","href":"https:\/\/api.w.org\/{rel}","templated":true}]}}