{"id":67702,"date":"2022-12-06T10:36:51","date_gmt":"2022-12-06T13:36:51","guid":{"rendered":"https:\/\/portalmovil.com.ar\/?p=67702"},"modified":"2022-12-06T10:36:55","modified_gmt":"2022-12-06T13:36:55","slug":"asesinaron-al-ministro-de-desarrollo-social-de-catamarca","status":"publish","type":"post","link":"https:\/\/portalmovil.com.ar\/index.php\/2022\/12\/06\/asesinaron-al-ministro-de-desarrollo-social-de-catamarca\/","title":{"rendered":"Asesinaron al ministro de Desarrollo Social de Catamarca"},"content":{"rendered":"\n<p>La Justicia de Catamarca confirm\u00f3 que el ministro de Desarrollo Social y secretario General de UTHGRA de Catamarca, Juan Carlos Rojas, fue asesinado de un golpe en la cabeza. El Fiscal de la causa descart\u00f3 que se trate de un hecho de inseguridad, inform\u00f3 <strong><em>PAGINA 12.<\/em><\/strong><\/p>\n\n\n\n<p>Si bien la primera versi\u00f3n se\u00f1al\u00f3 que se trataba de un deceso por muerte natural, la investigaci\u00f3n dio ayer lunes&nbsp;un vuelco luego de las declaraciones del sindicalista Luis Barrionuevo, de quien Rojas era amigo: \u00abTenemos altas sospechas de que fue golpeado\u00bb, asegur\u00f3 el gastron\u00f3mico&nbsp;en di\u00e1logo con la prensa.<\/p>\n\n\n\n<p>Los investigadores anunciaron entonces que se realizar\u00eda una segunda autopsia. Finalmente se corrobor\u00f3 que la muerte fue a causa de un \u201c<strong>traumatismo craneoencef\u00e1lico<\/strong>\u201d.<\/p>\n\n\n\n<p>El abogado de la familia de Rojas,&nbsp;<strong>Iv\u00e1n Sarqu\u00eds<\/strong>, afirm\u00f3 anoche a&nbsp;<strong>Catamarca\/12<\/strong>&nbsp;que el Ministro fue asesinado: \u201cSe confirm\u00f3 la primera autopsia\u201d, dijo en relaci\u00f3n con la pericia preliminar que determin\u00f3 los golpes. \u201cLas conclusiones a las que arrib\u00f3 en horas de la noche de ayer uno de los tres peritos de parte,&nbsp;<strong>Miguel Sanna<\/strong>, indican que estamos ante un traumatismo de cr\u00e1neo. Hay multiplicidad de lesiones adelante y detr\u00e1s del cr\u00e1neo, por lo que se considera que fue una muerte violenta\u201d, asegur\u00f3.&nbsp;<\/p>\n","protected":false},"excerpt":{"rendered":"<p>La Justicia de Catamarca confirm\u00f3 que el ministro de Desarrollo Social y secretario General de UTHGRA de Catamarca, Juan Carlos Rojas, fue asesinado de un golpe en la cabeza. El Fiscal de la causa descart\u00f3 que se trate de un hecho de inseguridad, inform\u00f3 PAGINA 12. Si bien la primera versi\u00f3n se\u00f1al\u00f3 que se trataba &hellip;<\/p>\n","protected":false},"author":2,"featured_media":67703,"comment_status":"open","ping_status":"open","sticky":false,"template":"","format":"standard","meta":{"_jetpack_memberships_contains_paid_content":false,"footnotes":"","jetpack_publicize_message":"","jetpack_publicize_feature_enabled":true,"jetpack_social_post_already_shared":true,"jetpack_social_options":{"image_generator_settings":{"template":"highway","default_image_id":0,"font":"","enabled":false},"version":2}},"categories":[639,14],"tags":[],"class_list":["post-67702","post","type-post","status-publish","format-standard","has-post-thumbnail","hentry","category-argentina","category-politica"],"jetpack_publicize_connections":[],"jetpack_featured_media_url":"https:\/\/portalmovil.com.ar\/wp-content\/uploads\/2022\/12\/90b17350-a2d3-4c24-be42-415eb291995e.jpg","jetpack_sharing_enabled":true,"amp_enabled":true,"_links":{"self":[{"href":"https:\/\/portalmovil.com.ar\/index.php\/wp-json\/wp\/v2\/posts\/67702","targetHints":{"allow":["GET"]}}],"collection":[{"href":"https:\/\/portalmovil.com.ar\/index.php\/wp-json\/wp\/v2\/posts"}],"about":[{"href":"https:\/\/portalmovil.com.ar\/index.php\/wp-json\/wp\/v2\/types\/post"}],"author":[{"embeddable":true,"href":"https:\/\/portalmovil.com.ar\/index.php\/wp-json\/wp\/v2\/users\/2"}],"replies":[{"embeddable":true,"href":"https:\/\/portalmovil.com.ar\/index.php\/wp-json\/wp\/v2\/comments?post=67702"}],"version-history":[{"count":1,"href":"https:\/\/portalmovil.com.ar\/index.php\/wp-json\/wp\/v2\/posts\/67702\/revisions"}],"predecessor-version":[{"id":67704,"href":"https:\/\/portalmovil.com.ar\/index.php\/wp-json\/wp\/v2\/posts\/67702\/revisions\/67704"}],"wp:featuredmedia":[{"embeddable":true,"href":"https:\/\/portalmovil.com.ar\/index.php\/wp-json\/wp\/v2\/media\/67703"}],"wp:attachment":[{"href":"https:\/\/portalmovil.com.ar\/index.php\/wp-json\/wp\/v2\/media?parent=67702"}],"wp:term":[{"taxonomy":"category","embeddable":true,"href":"https:\/\/portalmovil.com.ar\/index.php\/wp-json\/wp\/v2\/categories?post=67702"},{"taxonomy":"post_tag","embeddable":true,"href":"https:\/\/portalmovil.com.ar\/index.php\/wp-json\/wp\/v2\/tags?post=67702"}],"curies":[{"name":"wp","href":"https:\/\/api.w.org\/{rel}","templated":true}]}}