{"id":67398,"date":"2022-12-01T14:29:49","date_gmt":"2022-12-01T17:29:49","guid":{"rendered":"https:\/\/portalmovil.com.ar\/?p=67398"},"modified":"2022-12-01T14:29:51","modified_gmt":"2022-12-01T17:29:51","slug":"la-corte-de-tucuman-habilito-a-manzur-para-presentarse-como-vicegobernador-en-2023","status":"publish","type":"post","link":"https:\/\/portalmovil.com.ar\/index.php\/2022\/12\/01\/la-corte-de-tucuman-habilito-a-manzur-para-presentarse-como-vicegobernador-en-2023\/","title":{"rendered":"La corte de Tucum\u00e1n habilit\u00f3 a Manzur para presentarse como vicegobernador en 2023"},"content":{"rendered":"\n<p>La Corte Suprema de Justicia de la provincia de Tucum\u00e1n hizo lugar al recurso de amparo que hab\u00eda presentado el actual jefe de Gabinete, Juan Manzur, para que se le permitiera presentarse como candidato a vicegobernador de esa provincia en las elecciones del a\u00f1o pr\u00f3ximo, informaron hoy fuentes judiciales.<\/p>\n\n\n\n<p>El fallo, firmado por los vocales Daniel Leiva, Antonio Estof\u00e1n y Eleonora Rodr\u00edguez Campos, hizo lugar al recurso que hab\u00eda presentado Manzur en octubre de este a\u00f1o, y tuvo la disidencia de los vocales Claudia Sbdar y Daniel Posse.<\/p>\n\n\n\n<p>Por su parte, Manzur, gobernador de Tucum\u00e1n en uso de licencia, afirm\u00f3 esta ma\u00f1ana que \u00abhoy no hay candidaturas\u00bb y que \u00abes muy pronto\u00bb, y remarc\u00f3 que \u00ablas cuestiones de la pol\u00edtica se van a decidir el a\u00f1o que viene\u00bb.<\/p>\n\n\n\n<p>\u00abLa elecci\u00f3n en Tucum\u00e1n para elegir autoridades provinciales va a ser, de acuerdo a lo que marca la Constituci\u00f3n en la provincia, el 14 de mayo. Hoy no hay candidaturas, es muy pronto: falta mucho tiempo todav\u00eda, las cuestiones de la pol\u00edtica se van a decidir el a\u00f1o que viene\u00bb, respondi\u00f3 en la conferencia de prensa realizada en la Casa Rosada al finalizar la reuni\u00f3n de Gabinete.<\/p>\n\n\n\n<p><strong>Manzur hab\u00eda recurrido al m\u00e1ximo tribunal de su provincia para solicitar una acci\u00f3n de amparo<\/strong>&nbsp;ante la \u00abdiscriminaci\u00f3n lesiva a los derechos humanos b\u00e1sicos debida a la omisi\u00f3n normativa constitucional arbitraria e ileg\u00edtima, que no contempla la posibilidad de que el actual gobernador pueda ser candidato a vicegobernador en las pr\u00f3ximas elecciones provinciales\u00bb.<\/p>\n\n\n\n<p>El fallo de la Corte declara que, \u00abde acuerdo con lo dispuesto por el art\u00edculo 90 de la Constituci\u00f3n de Tucum\u00e1n, el Gobernador que ha sido elegido en dos oportunidades consecutivas para tal funci\u00f3n puede ser propuesto como candidato a, y eventualmente elegido como, Vicegobernador en el siguiente per\u00edodo\u00bb.<\/p>\n\n\n\n<p>Manzur fue elegido por primera vez como gobernador de la provincia en 2015 y reelecto en 2019.<\/p>\n\n\n\n<p>Luego, en septiembre de 2021, tom\u00f3 licencia de su cargo para asumir como jefe de Gabinete de Ministros de la Naci\u00f3n a pedido del presidente Alberto Fern\u00e1ndez.<\/p>\n\n\n\n<p>En la rueda de prensa de esta ma\u00f1ana, Manzur se refiri\u00f3 al fallo del m\u00e1ximo tribunal de Tucum\u00e1n, que le habilit\u00f3 participar como candidato a vicegobernador en la elecci\u00f3n del pr\u00f3ximo mandatario provincial.<\/p>\n\n\n\n<p>En ese aspecto, puntualiz\u00f3:<strong>&nbsp;\u00abLo que hubo es un fallo de la Corte Suprema de Justicia en la provincia de Tucum\u00e1n en el cual los cinco miembros ratificaron que no hay ninguna objeci\u00f3n, en el caso que se decida que yo pueda ocupar un cargo electivo\u00bb.<\/strong><\/p>\n\n\n\n<p>En tanto, sobre la actuaci\u00f3n del actual gobernador Osvaldo Jaldo al frente de la provincia, remarc\u00f3: \u00abHoy la provincia de Tucum\u00e1n, y eso me consta, est\u00e1 enfocada fundamentalmente en la gesti\u00f3n\u00bb.<\/p>\n","protected":false},"excerpt":{"rendered":"<p>La Corte Suprema de Justicia de la provincia de Tucum\u00e1n hizo lugar al recurso de amparo que hab\u00eda presentado el actual jefe de Gabinete, Juan Manzur, para que se le permitiera presentarse como candidato a vicegobernador de esa provincia en las elecciones del a\u00f1o pr\u00f3ximo, informaron hoy fuentes judiciales. El fallo, firmado por los vocales &hellip;<\/p>\n","protected":false},"author":2,"featured_media":67399,"comment_status":"open","ping_status":"open","sticky":false,"template":"","format":"standard","meta":{"_jetpack_memberships_contains_paid_content":false,"footnotes":"","jetpack_publicize_message":"","jetpack_publicize_feature_enabled":true,"jetpack_social_post_already_shared":true,"jetpack_social_options":{"image_generator_settings":{"template":"highway","default_image_id":0,"font":"","enabled":false},"version":2}},"categories":[639,14],"tags":[],"class_list":["post-67398","post","type-post","status-publish","format-standard","has-post-thumbnail","hentry","category-argentina","category-politica"],"jetpack_publicize_connections":[],"jetpack_featured_media_url":"https:\/\/portalmovil.com.ar\/wp-content\/uploads\/2022\/12\/637e46cb4cf9b_1200.jpg","jetpack_sharing_enabled":true,"amp_enabled":true,"_links":{"self":[{"href":"https:\/\/portalmovil.com.ar\/index.php\/wp-json\/wp\/v2\/posts\/67398","targetHints":{"allow":["GET"]}}],"collection":[{"href":"https:\/\/portalmovil.com.ar\/index.php\/wp-json\/wp\/v2\/posts"}],"about":[{"href":"https:\/\/portalmovil.com.ar\/index.php\/wp-json\/wp\/v2\/types\/post"}],"author":[{"embeddable":true,"href":"https:\/\/portalmovil.com.ar\/index.php\/wp-json\/wp\/v2\/users\/2"}],"replies":[{"embeddable":true,"href":"https:\/\/portalmovil.com.ar\/index.php\/wp-json\/wp\/v2\/comments?post=67398"}],"version-history":[{"count":1,"href":"https:\/\/portalmovil.com.ar\/index.php\/wp-json\/wp\/v2\/posts\/67398\/revisions"}],"predecessor-version":[{"id":67400,"href":"https:\/\/portalmovil.com.ar\/index.php\/wp-json\/wp\/v2\/posts\/67398\/revisions\/67400"}],"wp:featuredmedia":[{"embeddable":true,"href":"https:\/\/portalmovil.com.ar\/index.php\/wp-json\/wp\/v2\/media\/67399"}],"wp:attachment":[{"href":"https:\/\/portalmovil.com.ar\/index.php\/wp-json\/wp\/v2\/media?parent=67398"}],"wp:term":[{"taxonomy":"category","embeddable":true,"href":"https:\/\/portalmovil.com.ar\/index.php\/wp-json\/wp\/v2\/categories?post=67398"},{"taxonomy":"post_tag","embeddable":true,"href":"https:\/\/portalmovil.com.ar\/index.php\/wp-json\/wp\/v2\/tags?post=67398"}],"curies":[{"name":"wp","href":"https:\/\/api.w.org\/{rel}","templated":true}]}}