{"id":67390,"date":"2022-12-01T13:00:43","date_gmt":"2022-12-01T16:00:43","guid":{"rendered":"https:\/\/portalmovil.com.ar\/?p=67390"},"modified":"2022-12-01T13:06:21","modified_gmt":"2022-12-01T16:06:21","slug":"licitaron-62-cuadras-de-pavimento-para-la-avenida-coronel-falcon-y-la-chacra-128","status":"publish","type":"post","link":"https:\/\/portalmovil.com.ar\/index.php\/2022\/12\/01\/licitaron-62-cuadras-de-pavimento-para-la-avenida-coronel-falcon-y-la-chacra-128\/","title":{"rendered":"Licitaron 62 cuadras de pavimento para la avenida Coronel Falc\u00f3n y la Chacra 128"},"content":{"rendered":"\n<p>El gobernador Jorge Capitanich abri\u00f3 los sobres para la licitaci\u00f3n de 62 cuadras de pavimento en la capital chaque\u00f1a. En la propuesta de 12 cuadras de la avenida Coronel Falc\u00f3n se presentaron dos empresas y para las 50 calles internas de la Chacra 128 se presentaron tres ofertas. \u201cEl pavimento urbano es un signo de mejora en la calidad de vida de la comunidad. En nuestro Plan Quinquenal tenemos previstas 14.000 cuadras de pavimento urbano, con 1.000 destinadas a Resistencia\u201d, dijo Capitanich.<\/p>\n\n\n\n<p>La obra de pavimentaci\u00f3n en la avenida Coronel Falc\u00f3n se iniciar\u00e1 en enero y tendr\u00e1 un plazo de ejecuci\u00f3n de 12 meses, con una inversi\u00f3n de $1.100.713.591,73 para un total de 18.285 metros cuadrados, con financiamiento del MPEI. Esta obra se realizar\u00e1 con cord\u00f3n integral en avenida Coronel Falc\u00f3n, entre la colectora norte de la Autov\u00eda Nicol\u00e1s Avellaneda, Gobernador Deolindo Felipe Bittel y la calle Gertrudis Medeiros. Esto mejorar\u00e1 el acceso a grandes barriadas de la Chacra 98, como los barrios Felipe Gallardo, Judicial, UOM e incluir\u00e1 la construcci\u00f3n de 152 rampas para personas con movilidad reducida.<\/p>\n\n\n\n<p>La apertura de sobres de la licitaci\u00f3n p\u00fablica de pavimento en la Chacra 128 incluye 50 cuadras para las calles Falucho, Jeric\u00f3, Pasaje Jerico, Bel\u00e9n,Hermanos Boronat, Cubells, Juan Godoy, Suero (entre F. Ptak y Pasaje Boronat); Pasaje Fotheringham y Navarro, Fotheringham, Pasaje Mansilla y calle Mansilla, Pasaje Uriburu y Uriburu; entre la Calle Fray Bertaca y la avenida Mac Lean. A esta obra se presentaron tres ofertas, que competir\u00e1n por una inversi\u00f3n de $726.186.729,43 del MPEI y se ejecutar\u00e1n en ocho meses. La superficie total a pavimentar ser\u00eda de 42.650,54 metros cuadrados.<\/p>\n\n\n\n<p>El gobernador adelant\u00f3 que est\u00e1n pr\u00f3ximas las licitaciones de pavimento urbano en arterias principales de Resistencia como la avenida Edison; 9 de julio desde la altura del 2200 hasta Gaboto y la 25 de mayo hasta la calle Misiones. Adem\u00e1s de obras complementarias para calles y avenidas de Fontana y S\u00e1enz Pe\u00f1a, \u201ccon lo cual desde noviembre hasta marzo estaremos llamando a licitaci\u00f3n e iniciando la ejecuci\u00f3n de cuatro grandes obras que demandar\u00e1n 24 millones de d\u00f3lares con la Corporaci\u00f3n Andina de Fomento\u201d, agreg\u00f3.<\/p>\n","protected":false},"excerpt":{"rendered":"<p>El gobernador Jorge Capitanich abri\u00f3 los sobres para la licitaci\u00f3n de 62 cuadras de pavimento en la capital chaque\u00f1a. En la propuesta de 12 cuadras de la avenida Coronel Falc\u00f3n se presentaron dos empresas y para las 50 calles internas de la Chacra 128 se presentaron tres ofertas. \u201cEl pavimento urbano es un signo de &hellip;<\/p>\n","protected":false},"author":2,"featured_media":67391,"comment_status":"open","ping_status":"open","sticky":false,"template":"","format":"standard","meta":{"_jetpack_memberships_contains_paid_content":false,"footnotes":"","jetpack_publicize_message":"","jetpack_publicize_feature_enabled":true,"jetpack_social_post_already_shared":true,"jetpack_social_options":{"image_generator_settings":{"template":"highway","default_image_id":0,"font":"","enabled":false},"version":2}},"categories":[5,14,12],"tags":[],"class_list":["post-67390","post","type-post","status-publish","format-standard","has-post-thumbnail","hentry","category-chaco","category-politica","category-ultimo"],"jetpack_publicize_connections":[],"jetpack_featured_media_url":"https:\/\/portalmovil.com.ar\/wp-content\/uploads\/2022\/12\/6388c7e1b7b71192862207.jpg","jetpack_sharing_enabled":true,"amp_enabled":true,"_links":{"self":[{"href":"https:\/\/portalmovil.com.ar\/index.php\/wp-json\/wp\/v2\/posts\/67390","targetHints":{"allow":["GET"]}}],"collection":[{"href":"https:\/\/portalmovil.com.ar\/index.php\/wp-json\/wp\/v2\/posts"}],"about":[{"href":"https:\/\/portalmovil.com.ar\/index.php\/wp-json\/wp\/v2\/types\/post"}],"author":[{"embeddable":true,"href":"https:\/\/portalmovil.com.ar\/index.php\/wp-json\/wp\/v2\/users\/2"}],"replies":[{"embeddable":true,"href":"https:\/\/portalmovil.com.ar\/index.php\/wp-json\/wp\/v2\/comments?post=67390"}],"version-history":[{"count":1,"href":"https:\/\/portalmovil.com.ar\/index.php\/wp-json\/wp\/v2\/posts\/67390\/revisions"}],"predecessor-version":[{"id":67392,"href":"https:\/\/portalmovil.com.ar\/index.php\/wp-json\/wp\/v2\/posts\/67390\/revisions\/67392"}],"wp:featuredmedia":[{"embeddable":true,"href":"https:\/\/portalmovil.com.ar\/index.php\/wp-json\/wp\/v2\/media\/67391"}],"wp:attachment":[{"href":"https:\/\/portalmovil.com.ar\/index.php\/wp-json\/wp\/v2\/media?parent=67390"}],"wp:term":[{"taxonomy":"category","embeddable":true,"href":"https:\/\/portalmovil.com.ar\/index.php\/wp-json\/wp\/v2\/categories?post=67390"},{"taxonomy":"post_tag","embeddable":true,"href":"https:\/\/portalmovil.com.ar\/index.php\/wp-json\/wp\/v2\/tags?post=67390"}],"curies":[{"name":"wp","href":"https:\/\/api.w.org\/{rel}","templated":true}]}}