{"id":67352,"date":"2022-11-30T18:48:04","date_gmt":"2022-11-30T21:48:04","guid":{"rendered":"https:\/\/portalmovil.com.ar\/?p=67352"},"modified":"2022-11-30T18:49:18","modified_gmt":"2022-11-30T21:49:18","slug":"chaco-es-una-provincia-referente-de-produccion-de-frutillas","status":"publish","type":"post","link":"https:\/\/portalmovil.com.ar\/index.php\/2022\/11\/30\/chaco-es-una-provincia-referente-de-produccion-de-frutillas\/","title":{"rendered":"\u00abChaco es una provincia referente de producci\u00f3n de frutillas\u00bb"},"content":{"rendered":"\n<p>El gobernador Jorge Capitanich estuvo este mi\u00e9rcoles en La Eduvigis, donde visit\u00f3 un campo de producci\u00f3n frutihort\u00edcola integrada, que tiene un total de 20.000 plantines de frutillas. \u201cQueremos reivindicar a las y los productores que trabajan en el aumento de la producci\u00f3n y la generaci\u00f3n de empleos para chaque\u00f1as y chaque\u00f1os\u201d, asegur\u00f3 el mandatario.<\/p>\n\n\n\n<p>En esta chacra se producen frutillas como\u00a0insumo de yogures de la marca Danone.\u00a0Junto a H\u00e9ctor Morales, propietario del campo, el gobernador supervis\u00f3 el rendimiento de la cosecha y se\u00f1al\u00f3 que\u00a0<strong>\u201cChaco tuvo un salto cualitativo en la producci\u00f3n de frutillas\u00bb\u00a0<\/strong>y que \u00abes una provincia referente en el pa\u00eds\u201d.<\/p>\n\n\n\n<p>En el 2010 hab\u00eda 0,3 hect\u00e1reas destinadas a la producci\u00f3n de frutillas,&nbsp;<strong>hoy existe un total de 10 hect\u00e1reas<\/strong>, con una proyecci\u00f3n de duplicar esa superficie para pasar de 500.000 plantines al mill\u00f3n. &nbsp;<\/p>\n\n\n\n<p>Esto es posible gracias al programa de fomento de la producci\u00f3n de frutilla, con el que en junio se invirtieron m\u00e1s de $27 millones con gran cobertura territorial.<\/p>\n\n\n\n<p>El programa est\u00e1 destinado a peque\u00f1os y medianos productores el objetivo es fortalecer al sector frutihort\u00edcola chaque\u00f1o.\u00a0<strong>Las principales zonas frutilleras de la provincia son: Puerto Tirol, Fontana, Colonia Ben\u00edtez, Makall\u00e9, Laguna Blanca, General San Mart\u00edn y La Eduvigis.<\/strong><\/p>\n\n\n\n<p>Al respecto, Capitanich record\u00f3 que mediante el acuerdo que transcurri\u00f3 este a\u00f1o, se dise\u00f1a tambi\u00e9n la instalaci\u00f3n de una planta en Margarita Bel\u00e9n para llevar a cabo el proceso industrial.<\/p>\n\n\n\n<p>H\u00e9ctor Morales, quien adem\u00e1s siembra sand\u00eda, batata, mandioca, mam\u00f3n, entre otras frutas y verduras, agradeci\u00f3 la visita del gobernador y remarc\u00f3 que el crecimiento en la producci\u00f3n de frutillas responde a una pol\u00edtica p\u00fablica del Gobierno provincial de instalar a Chaco como abastecedor industrial, as\u00ed como de invertir en rutas para optimizar el transporte.<\/p>\n","protected":false},"excerpt":{"rendered":"<p>El gobernador Jorge Capitanich estuvo este mi\u00e9rcoles en La Eduvigis, donde visit\u00f3 un campo de producci\u00f3n frutihort\u00edcola integrada, que tiene un total de 20.000 plantines de frutillas. \u201cQueremos reivindicar a las y los productores que trabajan en el aumento de la producci\u00f3n y la generaci\u00f3n de empleos para chaque\u00f1as y chaque\u00f1os\u201d, asegur\u00f3 el mandatario. En &hellip;<\/p>\n","protected":false},"author":2,"featured_media":67353,"comment_status":"open","ping_status":"open","sticky":false,"template":"","format":"standard","meta":{"_jetpack_memberships_contains_paid_content":false,"footnotes":"","jetpack_publicize_message":"","jetpack_publicize_feature_enabled":true,"jetpack_social_post_already_shared":true,"jetpack_social_options":{"image_generator_settings":{"template":"highway","default_image_id":0,"font":"","enabled":false},"version":2}},"categories":[5,14,12],"tags":[],"class_list":["post-67352","post","type-post","status-publish","format-standard","has-post-thumbnail","hentry","category-chaco","category-politica","category-ultimo"],"jetpack_publicize_connections":[],"jetpack_featured_media_url":"https:\/\/portalmovil.com.ar\/wp-content\/uploads\/2022\/11\/multimedia.normal.a1df5116661c5134.6361706974616e6963685f66727574696c6c61735f6e6f726d616c2e77656270.webp","jetpack_sharing_enabled":true,"amp_enabled":true,"_links":{"self":[{"href":"https:\/\/portalmovil.com.ar\/index.php\/wp-json\/wp\/v2\/posts\/67352","targetHints":{"allow":["GET"]}}],"collection":[{"href":"https:\/\/portalmovil.com.ar\/index.php\/wp-json\/wp\/v2\/posts"}],"about":[{"href":"https:\/\/portalmovil.com.ar\/index.php\/wp-json\/wp\/v2\/types\/post"}],"author":[{"embeddable":true,"href":"https:\/\/portalmovil.com.ar\/index.php\/wp-json\/wp\/v2\/users\/2"}],"replies":[{"embeddable":true,"href":"https:\/\/portalmovil.com.ar\/index.php\/wp-json\/wp\/v2\/comments?post=67352"}],"version-history":[{"count":1,"href":"https:\/\/portalmovil.com.ar\/index.php\/wp-json\/wp\/v2\/posts\/67352\/revisions"}],"predecessor-version":[{"id":67354,"href":"https:\/\/portalmovil.com.ar\/index.php\/wp-json\/wp\/v2\/posts\/67352\/revisions\/67354"}],"wp:featuredmedia":[{"embeddable":true,"href":"https:\/\/portalmovil.com.ar\/index.php\/wp-json\/wp\/v2\/media\/67353"}],"wp:attachment":[{"href":"https:\/\/portalmovil.com.ar\/index.php\/wp-json\/wp\/v2\/media?parent=67352"}],"wp:term":[{"taxonomy":"category","embeddable":true,"href":"https:\/\/portalmovil.com.ar\/index.php\/wp-json\/wp\/v2\/categories?post=67352"},{"taxonomy":"post_tag","embeddable":true,"href":"https:\/\/portalmovil.com.ar\/index.php\/wp-json\/wp\/v2\/tags?post=67352"}],"curies":[{"name":"wp","href":"https:\/\/api.w.org\/{rel}","templated":true}]}}