{"id":67267,"date":"2022-11-29T15:20:12","date_gmt":"2022-11-29T18:20:12","guid":{"rendered":"https:\/\/portalmovil.com.ar\/?p=67267"},"modified":"2022-11-29T15:20:14","modified_gmt":"2022-11-29T18:20:14","slug":"un-efectivo-policial-se-dio-a-la-fuga-luego-de-protagonizar-un-accidente-en-resistencia","status":"publish","type":"post","link":"https:\/\/portalmovil.com.ar\/index.php\/2022\/11\/29\/un-efectivo-policial-se-dio-a-la-fuga-luego-de-protagonizar-un-accidente-en-resistencia\/","title":{"rendered":"Un efectivo policial se dio a la fuga luego de protagonizar un accidente en Resistencia"},"content":{"rendered":"\n<p>Un joven de 24 a\u00f1os denunci\u00f3 este lunes que cerca de las 7:50 se dirig\u00eda en moto hacia su trabajo, circulaba por avenida Urquiza en sentido descendente, sobre el lado izquierdo del carril, cuando al llegar a media cuadra antes de la avenida Castelli un personal policial dobl\u00f3 a la izquierda con intenciones de ingresar a un pasaje, cerr\u00e1ndole el camino y provocando la ca\u00edda de ambos.<\/p>\n\n\n\n<figure class=\"wp-block-video\"><video height=\"352\" style=\"aspect-ratio: 640 \/ 352;\" width=\"640\" controls src=\"https:\/\/portalmovil.com.ar\/wp-content\/uploads\/2022\/11\/1.mp4\"><\/video><\/figure>\n\n\n\n<p>Luego de levantar los rodados y sacarlos del medio de la calzada, le pregunt\u00f3 si ten\u00eda seguro pero la respuesta fue negativa.<\/p>\n\n\n\n<figure class=\"wp-block-video\"><video height=\"352\" style=\"aspect-ratio: 640 \/ 352;\" width=\"640\" controls src=\"https:\/\/portalmovil.com.ar\/wp-content\/uploads\/2022\/11\/2.mp4\"><\/video><\/figure>\n\n\n\n<p>Como no pod\u00eda encender su moto, un conocido lleg\u00f3 para ayudarlo y arranc\u00f3. \u00a0El uniformado circulaba en una moto YBR azul con funda negra en la zona del tanque de combustible\u00a0<\/p>\n","protected":false},"excerpt":{"rendered":"<p>Un joven de 24 a\u00f1os denunci\u00f3 este lunes que cerca de las 7:50 se dirig\u00eda en moto hacia su trabajo, circulaba por avenida Urquiza en sentido descendente, sobre el lado izquierdo del carril, cuando al llegar a media cuadra antes de la avenida Castelli un personal policial dobl\u00f3 a la izquierda con intenciones de ingresar &hellip;<\/p>\n","protected":false},"author":2,"featured_media":67270,"comment_status":"open","ping_status":"open","sticky":false,"template":"","format":"standard","meta":{"_jetpack_memberships_contains_paid_content":false,"footnotes":"","jetpack_publicize_message":"","jetpack_publicize_feature_enabled":true,"jetpack_social_post_already_shared":true,"jetpack_social_options":{"image_generator_settings":{"template":"highway","default_image_id":0,"font":"","enabled":false},"version":2}},"categories":[8,37],"tags":[],"class_list":["post-67267","post","type-post","status-publish","format-standard","has-post-thumbnail","hentry","category-policiales","category-resistencia"],"jetpack_publicize_connections":[],"jetpack_featured_media_url":"https:\/\/portalmovil.com.ar\/wp-content\/uploads\/2022\/11\/7a79524a-41d2-4467-91dc-1de93301379b.jpg","jetpack_sharing_enabled":true,"amp_enabled":true,"_links":{"self":[{"href":"https:\/\/portalmovil.com.ar\/index.php\/wp-json\/wp\/v2\/posts\/67267","targetHints":{"allow":["GET"]}}],"collection":[{"href":"https:\/\/portalmovil.com.ar\/index.php\/wp-json\/wp\/v2\/posts"}],"about":[{"href":"https:\/\/portalmovil.com.ar\/index.php\/wp-json\/wp\/v2\/types\/post"}],"author":[{"embeddable":true,"href":"https:\/\/portalmovil.com.ar\/index.php\/wp-json\/wp\/v2\/users\/2"}],"replies":[{"embeddable":true,"href":"https:\/\/portalmovil.com.ar\/index.php\/wp-json\/wp\/v2\/comments?post=67267"}],"version-history":[{"count":1,"href":"https:\/\/portalmovil.com.ar\/index.php\/wp-json\/wp\/v2\/posts\/67267\/revisions"}],"predecessor-version":[{"id":67271,"href":"https:\/\/portalmovil.com.ar\/index.php\/wp-json\/wp\/v2\/posts\/67267\/revisions\/67271"}],"wp:featuredmedia":[{"embeddable":true,"href":"https:\/\/portalmovil.com.ar\/index.php\/wp-json\/wp\/v2\/media\/67270"}],"wp:attachment":[{"href":"https:\/\/portalmovil.com.ar\/index.php\/wp-json\/wp\/v2\/media?parent=67267"}],"wp:term":[{"taxonomy":"category","embeddable":true,"href":"https:\/\/portalmovil.com.ar\/index.php\/wp-json\/wp\/v2\/categories?post=67267"},{"taxonomy":"post_tag","embeddable":true,"href":"https:\/\/portalmovil.com.ar\/index.php\/wp-json\/wp\/v2\/tags?post=67267"}],"curies":[{"name":"wp","href":"https:\/\/api.w.org\/{rel}","templated":true}]}}