{"id":67087,"date":"2022-11-25T14:33:49","date_gmt":"2022-11-25T17:33:49","guid":{"rendered":"https:\/\/portalmovil.com.ar\/?p=67087"},"modified":"2022-11-25T14:33:51","modified_gmt":"2022-11-25T17:33:51","slug":"habilitaron-el-escuadron-n-51-de-gendarmeria-en-fontana","status":"publish","type":"post","link":"https:\/\/portalmovil.com.ar\/index.php\/2022\/11\/25\/habilitaron-el-escuadron-n-51-de-gendarmeria-en-fontana\/","title":{"rendered":"Habilitaron el Escuadr\u00f3n N\u00b0 51 de Gendarmer\u00eda en Fontana"},"content":{"rendered":"\n<p>El gobernador Jorge Capitanich recibi\u00f3 este viernes al ministro de Seguridad de la Naci\u00f3n, An\u00edbal Fern\u00e1ndez, con quien inauguraron el edificio del Escuadr\u00f3n 51 de Gendarmer\u00eda Nacional en Fontana, junto a la ministra de Seguridad y Justicia de la provincia, Gloria Salazar.<\/p>\n\n\n\n<p>\u201cTenemos un trabajo de coordinaci\u00f3n permanente y Gendarmer\u00eda ha tenido un desenvolvimiento en la provincia en forma progresiva, con cerca de 1.000 agentes en el territorio y la posibilidad de desarrollar una mejor infraestructura para el funcionamiento y desempe\u00f1o de sus tareas\u201d, destac\u00f3 el mandatario.<\/p>\n\n\n\n<p>El predio donde se construy\u00f3 el edificio fue donado por el municipio de Fontana, en el centro de la ciudad, con el objetivo de garantizar mayor prevenci\u00f3n y control de la seguridad en la zona. Se trata de una primera etapa de obra que demand\u00f3 una inversi\u00f3n de $60.814.685 con financiamiento del Ministerio de Planificaci\u00f3n, Econom\u00eda e Infraestructura de la provincia. Se proyectan otras dos instancias hasta finalizar en su totalidad el complejo. \u201cEs un homenaje a quienes combaten el delito con inteligencia y coraje\u201d, expres\u00f3.<\/p>\n\n\n\n<p>El mandatario agradeci\u00f3 al Gobierno nacional y asegur\u00f3 que el crecimiento de la fuerza en la provincia constituye una \u201cenorme contribuci\u00f3n\u201d. \u201cEl gobierno nacional tiene una mirada con sentido federal, para corregir asimetr\u00edas; as\u00ed es que llevamos adelante una agenda para una reparaci\u00f3n hist\u00f3rica en el norte grande en materia de seguridad\u201d, sostuvo Capitanich.<\/p>\n\n\n\n<p>En la oportunidad, anunci\u00f3 que el Gobierno de la provincia atender\u00e1 una de las demandas m\u00e1s importantes que tiene el sector, que es el acceso a la vivienda. \u201cNos comprometemos a resolver en parte este problema, incorporando un cupo para Gendarmer\u00eda Nacional en las viviendas que se sortear\u00e1n el pr\u00f3ximo a\u00f1o\u201d, asegur\u00f3.<\/p>\n\n\n\n<p>En tanto, el ministro An\u00edbal Fern\u00e1ndez celebr\u00f3 el asentamiento del escuadr\u00f3n con 234 efectivos y manifest\u00f3: \u201cme da mucho placer venir al Chaco y compartir este momento con el gobernador y con el pueblo de la provincia; tenemos en claro qu\u00e9 queremos de nuestras fuerzas y esa responsabilidad nos hace cumplir nuestra labor cada d\u00eda\u201d.<\/p>\n\n\n\n<p>Tambi\u00e9n estuvo la intendenta Patricia Rodas, que agradeci\u00f3 la inversi\u00f3n para hacer posible la radicaci\u00f3n del cuartel. \u201cEs un d\u00eda muy especial y emotivo, hist\u00f3rico para nuestra ciudad. Nos llena de orgullo tener una instituci\u00f3n tan prestigiosa como es Gendarmer\u00eda Nacional, quiero agradecer al gobernador por el apoyo constante mediante el cual hoy podemos concretar este gran logro\u201d, manifest\u00f3 la jefa comunal.<\/p>\n\n\n\n<p>Del acto de inauguraci\u00f3n participaron adem\u00e1s el director nacional de Gendarmer\u00eda Nacional, Andr\u00e9s Severino; los senadores nacionales Antonio Rodas y Maria Ines Pilatti Vergara; autoridades de las fuerzas de seguridad; funcionarios provinciales y municipales y efectivos de la fuerza.<\/p>\n","protected":false},"excerpt":{"rendered":"<p>El gobernador Jorge Capitanich recibi\u00f3 este viernes al ministro de Seguridad de la Naci\u00f3n, An\u00edbal Fern\u00e1ndez, con quien inauguraron el edificio del Escuadr\u00f3n 51 de Gendarmer\u00eda Nacional en Fontana, junto a la ministra de Seguridad y Justicia de la provincia, Gloria Salazar. \u201cTenemos un trabajo de coordinaci\u00f3n permanente y Gendarmer\u00eda ha tenido un desenvolvimiento en &hellip;<\/p>\n","protected":false},"author":2,"featured_media":67088,"comment_status":"open","ping_status":"open","sticky":false,"template":"","format":"standard","meta":{"_jetpack_memberships_contains_paid_content":false,"footnotes":"","jetpack_publicize_message":"","jetpack_publicize_feature_enabled":true,"jetpack_social_post_already_shared":true,"jetpack_social_options":{"image_generator_settings":{"template":"highway","default_image_id":0,"font":"","enabled":false},"version":2}},"categories":[5,14,12],"tags":[],"class_list":["post-67087","post","type-post","status-publish","format-standard","has-post-thumbnail","hentry","category-chaco","category-politica","category-ultimo"],"jetpack_publicize_connections":[],"jetpack_featured_media_url":"https:\/\/portalmovil.com.ar\/wp-content\/uploads\/2022\/11\/316220605_705468310934442_4250309460113386403_n.jpg","jetpack_sharing_enabled":true,"amp_enabled":true,"_links":{"self":[{"href":"https:\/\/portalmovil.com.ar\/index.php\/wp-json\/wp\/v2\/posts\/67087","targetHints":{"allow":["GET"]}}],"collection":[{"href":"https:\/\/portalmovil.com.ar\/index.php\/wp-json\/wp\/v2\/posts"}],"about":[{"href":"https:\/\/portalmovil.com.ar\/index.php\/wp-json\/wp\/v2\/types\/post"}],"author":[{"embeddable":true,"href":"https:\/\/portalmovil.com.ar\/index.php\/wp-json\/wp\/v2\/users\/2"}],"replies":[{"embeddable":true,"href":"https:\/\/portalmovil.com.ar\/index.php\/wp-json\/wp\/v2\/comments?post=67087"}],"version-history":[{"count":1,"href":"https:\/\/portalmovil.com.ar\/index.php\/wp-json\/wp\/v2\/posts\/67087\/revisions"}],"predecessor-version":[{"id":67089,"href":"https:\/\/portalmovil.com.ar\/index.php\/wp-json\/wp\/v2\/posts\/67087\/revisions\/67089"}],"wp:featuredmedia":[{"embeddable":true,"href":"https:\/\/portalmovil.com.ar\/index.php\/wp-json\/wp\/v2\/media\/67088"}],"wp:attachment":[{"href":"https:\/\/portalmovil.com.ar\/index.php\/wp-json\/wp\/v2\/media?parent=67087"}],"wp:term":[{"taxonomy":"category","embeddable":true,"href":"https:\/\/portalmovil.com.ar\/index.php\/wp-json\/wp\/v2\/categories?post=67087"},{"taxonomy":"post_tag","embeddable":true,"href":"https:\/\/portalmovil.com.ar\/index.php\/wp-json\/wp\/v2\/tags?post=67087"}],"curies":[{"name":"wp","href":"https:\/\/api.w.org\/{rel}","templated":true}]}}