{"id":67025,"date":"2022-11-24T19:42:27","date_gmt":"2022-11-24T22:42:27","guid":{"rendered":"https:\/\/portalmovil.com.ar\/?p=67025"},"modified":"2022-11-24T19:42:29","modified_gmt":"2022-11-24T22:42:29","slug":"el-municipio-de-resistencia-y-unicef-celebran-este-viernes-el-dia-mundial-de-las-infancias","status":"publish","type":"post","link":"https:\/\/portalmovil.com.ar\/index.php\/2022\/11\/24\/el-municipio-de-resistencia-y-unicef-celebran-este-viernes-el-dia-mundial-de-las-infancias\/","title":{"rendered":"El Municipio de Resistencia y Unicef celebran este viernes el D\u00eda Mundial de las Infancias"},"content":{"rendered":"\n<p>Este viernes 25 de noviembre, desde las 17:30, en el predio del Domo del Centenario ubicado detr\u00e1s del departamento de restauraci\u00f3n de la Fundaci\u00f3n Urunday, se brindar\u00e1n diversas propuestas destinadas a ni\u00f1os que consistir\u00e1n en n\u00fameros art\u00edsticos, juegos y actividades did\u00e1cticas, adem\u00e1s de la entrega de reconocimientos.<\/p>\n\n\n\n<p>En el marco del D\u00eda Mundial de las Infancias, que se celebra todos los 20 de noviembre; el Municipio de Resistencia, en conjunto con Unicef y la organizaci\u00f3n Equidad Para la Infancia Am\u00e9rica Latina organizan una jornada de disfrute para toda la familia, pero especialmente para los m\u00e1s chicos.<\/p>\n\n\n\n<p>Con la coordinaci\u00f3n de la Defensor\u00eda Municipal de Ni\u00f1os, Ni\u00f1as y Adolescentes de la ciudad, bajo el lema \u00abDe las redes a las calles tu derecho tambi\u00e9n es mundial\u00bb se ha definido un programa de actividades que comenzar\u00e1 a las 17,30 con el Tributo a Pi\u00f1\u00f3n Fijo, incluir\u00e1 un show de la escuela municipal de folklore Huellas Argentina y el espect\u00e1culo de Chaque el Circo.<\/p>\n\n\n\n<p>Tambi\u00e9n se instalar\u00e1n castillos inflables, rayuela saludable, pista de seguridad vial, susurros por parte de la biblioteca municipal, laberinto saludable, copa futuro y Dj Kids.<\/p>\n\n\n\n<p>Seg\u00fan defini\u00f3 la defensora municipal, Valeria Cruz, \u00abeste festival organizado por el gobierno de la ciudad de Resistencia pretende reivindicar los derechos de los ni\u00f1os; como as\u00ed tambi\u00e9n el protagonismo de cada uno de ellos en la construcci\u00f3n de una ciudad m\u00e1s justa\u00bb.<\/p>\n\n\n\n<p>El D\u00eda Mundial de las Infancias tiene por finalidad promover la difusi\u00f3n de los derechos y necesidades de la infancia al instaurar normas y leyes que aseguren su desarrollo integral. Tambi\u00e9n se apunta a incentivar las acciones por el desarrollo y bienestar de los ni\u00f1os y ni\u00f1as.<\/p>\n\n\n\n<p>Del mismo modo, se apunta a reconocer la labor de las personas y organizaciones que se buscan un futuro mejor para todos los ni\u00f1os y adolescentes; algo que en Resistencia se profundiza a trav\u00e9s de todos los abordajes relacionados como los programa \u00abCarita Feliz\u00bb y \u00abEs Hoy\u00bb que incluyen acompa\u00f1amiento educativo, cuidado de la salud, la celebraci\u00f3n de las distintas etapas de la vida como la estudiantina o las recepciones gratuitas entre otras acciones constantes en beneficio de la ni\u00f1ez y la adolescencia.<\/p>\n","protected":false},"excerpt":{"rendered":"<p>Este viernes 25 de noviembre, desde las 17:30, en el predio del Domo del Centenario ubicado detr\u00e1s del departamento de restauraci\u00f3n de la Fundaci\u00f3n Urunday, se brindar\u00e1n diversas propuestas destinadas a ni\u00f1os que consistir\u00e1n en n\u00fameros art\u00edsticos, juegos y actividades did\u00e1cticas, adem\u00e1s de la entrega de reconocimientos. En el marco del D\u00eda Mundial de las &hellip;<\/p>\n","protected":false},"author":2,"featured_media":67026,"comment_status":"open","ping_status":"open","sticky":false,"template":"","format":"standard","meta":{"_jetpack_memberships_contains_paid_content":false,"footnotes":"","jetpack_publicize_message":"","jetpack_publicize_feature_enabled":true,"jetpack_social_post_already_shared":true,"jetpack_social_options":{"image_generator_settings":{"template":"highway","default_image_id":0,"font":"","enabled":false},"version":2}},"categories":[37,3],"tags":[],"class_list":["post-67025","post","type-post","status-publish","format-standard","has-post-thumbnail","hentry","category-resistencia","category-sociedad"],"jetpack_publicize_connections":[],"jetpack_featured_media_url":"https:\/\/portalmovil.com.ar\/wp-content\/uploads\/2022\/11\/558514w850h509c.jpg.webp","jetpack_sharing_enabled":true,"amp_enabled":true,"_links":{"self":[{"href":"https:\/\/portalmovil.com.ar\/index.php\/wp-json\/wp\/v2\/posts\/67025","targetHints":{"allow":["GET"]}}],"collection":[{"href":"https:\/\/portalmovil.com.ar\/index.php\/wp-json\/wp\/v2\/posts"}],"about":[{"href":"https:\/\/portalmovil.com.ar\/index.php\/wp-json\/wp\/v2\/types\/post"}],"author":[{"embeddable":true,"href":"https:\/\/portalmovil.com.ar\/index.php\/wp-json\/wp\/v2\/users\/2"}],"replies":[{"embeddable":true,"href":"https:\/\/portalmovil.com.ar\/index.php\/wp-json\/wp\/v2\/comments?post=67025"}],"version-history":[{"count":2,"href":"https:\/\/portalmovil.com.ar\/index.php\/wp-json\/wp\/v2\/posts\/67025\/revisions"}],"predecessor-version":[{"id":67028,"href":"https:\/\/portalmovil.com.ar\/index.php\/wp-json\/wp\/v2\/posts\/67025\/revisions\/67028"}],"wp:featuredmedia":[{"embeddable":true,"href":"https:\/\/portalmovil.com.ar\/index.php\/wp-json\/wp\/v2\/media\/67026"}],"wp:attachment":[{"href":"https:\/\/portalmovil.com.ar\/index.php\/wp-json\/wp\/v2\/media?parent=67025"}],"wp:term":[{"taxonomy":"category","embeddable":true,"href":"https:\/\/portalmovil.com.ar\/index.php\/wp-json\/wp\/v2\/categories?post=67025"},{"taxonomy":"post_tag","embeddable":true,"href":"https:\/\/portalmovil.com.ar\/index.php\/wp-json\/wp\/v2\/tags?post=67025"}],"curies":[{"name":"wp","href":"https:\/\/api.w.org\/{rel}","templated":true}]}}