{"id":67011,"date":"2022-11-19T15:51:00","date_gmt":"2022-11-19T18:51:00","guid":{"rendered":"https:\/\/portalmovil.com.ar\/?p=67011"},"modified":"2022-11-24T15:53:12","modified_gmt":"2022-11-24T18:53:12","slug":"victor-rea-encabezo-la-plantacion-de-arboles-autoctonos-en-el-club-san-antonio","status":"publish","type":"post","link":"https:\/\/portalmovil.com.ar\/index.php\/2022\/11\/19\/victor-rea-encabezo-la-plantacion-de-arboles-autoctonos-en-el-club-san-antonio\/","title":{"rendered":"V\u00edctor Rea encabez\u00f3 la plantaci\u00f3n de \u00e1rboles aut\u00f3ctonos en el club San Antonio"},"content":{"rendered":"\n<p>Esta actividad se da en el marco del programa municipal de \u201cForestaci\u00f3n y Generaci\u00f3n de Conciencia Ambiental\u201d.<\/p>\n\n\n\n<p>En el marco del programa municipal de \u201cForestaci\u00f3n y Generaci\u00f3n de Conciencia Ambiental\u201d, en el club deportivo San Antonio, la Municipalidad de Puerto Vilelas conducida por el intendente V\u00edctor Rea, llev\u00f3 adelante la plantaci\u00f3n de \u00e1rboles de especies aut\u00f3ctonas y reflexi\u00f3n sobre su importancia para nuestro ambiente.<\/p>\n\n\n\n<p>\u201cEl objetivo de estos tipos de actividades es reforzar el cuidado del ambiente a trav\u00e9s de estos programas, donde creamos concientizaci\u00f3n en la ciudadan\u00eda, arrancando con los chicos &nbsp;que son nuestra mirada distinta al futuro\u201d, destac\u00f3 el jefe comunal vilelense quien estuvo acompa\u00f1ado durante esta actividad por el subsecretario de Empleo Alejandro Ojeda, el presidente del club San Antonio Fabio Flores, alumnos y alumnas de la instituci\u00f3n deportiva y la comunidad en general; en tanto que por el Instituto de Investigaciones Forestales y Agropecuarias (IIFA) particip\u00f3 de la actividad la vocal Mar\u00eda Ang\u00e9lica Kees.<\/p>\n\n\n\n<p>A la vez subray\u00f3 la importancia de la Educaci\u00f3n Ambiental como un eje transversal en los distintos \u00e1mbitos. \u201cSe plantea esta concepci\u00f3n desde la ni\u00f1ez porque son los chicos los que despu\u00e9s en la casa generan ese cambio y transici\u00f3n. Por eso, este programa municipal es estructural para generar ciudades sostenibles\u201d.<\/p>\n\n\n\n<p>En esa oportunidad, tambi\u00e9n se record\u00f3 a los fundadores del club San Antonio que ya no est\u00e1n pero que contin\u00faan presentes en cada \u00e1rbol plantado.<\/p>\n","protected":false},"excerpt":{"rendered":"<p>Esta actividad se da en el marco del programa municipal de \u201cForestaci\u00f3n y Generaci\u00f3n de Conciencia Ambiental\u201d. En el marco del programa municipal de \u201cForestaci\u00f3n y Generaci\u00f3n de Conciencia Ambiental\u201d, en el club deportivo San Antonio, la Municipalidad de Puerto Vilelas conducida por el intendente V\u00edctor Rea, llev\u00f3 adelante la plantaci\u00f3n de \u00e1rboles de especies &hellip;<\/p>\n","protected":false},"author":2,"featured_media":67012,"comment_status":"open","ping_status":"open","sticky":false,"template":"","format":"standard","meta":{"_jetpack_memberships_contains_paid_content":false,"footnotes":"","jetpack_publicize_message":"","jetpack_publicize_feature_enabled":true,"jetpack_social_post_already_shared":true,"jetpack_social_options":{"image_generator_settings":{"template":"highway","default_image_id":0,"font":"","enabled":false},"version":2}},"categories":[28,5],"tags":[],"class_list":["post-67011","post","type-post","status-publish","format-standard","has-post-thumbnail","hentry","category-actualidad","category-chaco"],"jetpack_publicize_connections":[],"jetpack_featured_media_url":"https:\/\/portalmovil.com.ar\/wp-content\/uploads\/2022\/11\/IMG-20221119-WA0004.webp","jetpack_sharing_enabled":true,"amp_enabled":true,"_links":{"self":[{"href":"https:\/\/portalmovil.com.ar\/index.php\/wp-json\/wp\/v2\/posts\/67011","targetHints":{"allow":["GET"]}}],"collection":[{"href":"https:\/\/portalmovil.com.ar\/index.php\/wp-json\/wp\/v2\/posts"}],"about":[{"href":"https:\/\/portalmovil.com.ar\/index.php\/wp-json\/wp\/v2\/types\/post"}],"author":[{"embeddable":true,"href":"https:\/\/portalmovil.com.ar\/index.php\/wp-json\/wp\/v2\/users\/2"}],"replies":[{"embeddable":true,"href":"https:\/\/portalmovil.com.ar\/index.php\/wp-json\/wp\/v2\/comments?post=67011"}],"version-history":[{"count":1,"href":"https:\/\/portalmovil.com.ar\/index.php\/wp-json\/wp\/v2\/posts\/67011\/revisions"}],"predecessor-version":[{"id":67013,"href":"https:\/\/portalmovil.com.ar\/index.php\/wp-json\/wp\/v2\/posts\/67011\/revisions\/67013"}],"wp:featuredmedia":[{"embeddable":true,"href":"https:\/\/portalmovil.com.ar\/index.php\/wp-json\/wp\/v2\/media\/67012"}],"wp:attachment":[{"href":"https:\/\/portalmovil.com.ar\/index.php\/wp-json\/wp\/v2\/media?parent=67011"}],"wp:term":[{"taxonomy":"category","embeddable":true,"href":"https:\/\/portalmovil.com.ar\/index.php\/wp-json\/wp\/v2\/categories?post=67011"},{"taxonomy":"post_tag","embeddable":true,"href":"https:\/\/portalmovil.com.ar\/index.php\/wp-json\/wp\/v2\/tags?post=67011"}],"curies":[{"name":"wp","href":"https:\/\/api.w.org\/{rel}","templated":true}]}}