{"id":6698,"date":"2020-05-21T09:15:57","date_gmt":"2020-05-21T12:15:57","guid":{"rendered":"http:\/\/portalmovil.com.ar\/?p=6698"},"modified":"2020-05-21T09:16:02","modified_gmt":"2020-05-21T12:16:02","slug":"chaco-ya-son-675-los-infectados-por-covid-19-y-38-los-fallecidos","status":"publish","type":"post","link":"https:\/\/portalmovil.com.ar\/index.php\/2020\/05\/21\/chaco-ya-son-675-los-infectados-por-covid-19-y-38-los-fallecidos\/","title":{"rendered":"CHACO: Ya son 675 los infectados por Covid-19 y 38 los fallecidos"},"content":{"rendered":"\n<p>El Ministerio de Salud P\u00fablica del Chaco brind\u00f3&nbsp;un nuevo&nbsp;parte epidemiol\u00f3gico&nbsp;en el que confirm\u00f3 que ayer se registraron tres nuevas muertes de pacientes con coronavirus&nbsp;y&nbsp;que hasta la ma\u00f1ana de este jueves se&nbsp;registraron 675&nbsp;casos positivos de COVID-19,&nbsp;es decir 35 m\u00e1s que ayer. El total de muestras tomadas es de 5.091, es decir que el nivel de positividad que existe en la provincia es del 13,5%.<\/p>\n\n\n\n<p>La especialista de la Direcci\u00f3n de Epidemiolog\u00eda, Antonieta Cayr\u00e9, quien fue la encargada de brindar este nuevo parte, detall\u00f3 que hay 34 pacientes internados de los cuales seis se encuentran en estado grave.<\/p>\n\n\n\n<p>Respecto a las muertes de ayer detall\u00f3 que se trata de una mujer de 68 a\u00f1os y dos hombres de 75 y 58 a\u00f1os. Sobre uno de los hombres fallecidos mencion\u00f3 que se trataba de un hombre muy reconocido en la provincia por haber sido excombatiente de Malvinas y haber recibido reconocimientos por su participaci\u00f3n en dicho conflicto b\u00e9lico.<\/p>\n\n\n\n<h3 class=\"wp-block-heading\">INFORME DE DENGUE<\/h3>\n\n\n\n<p>Con respecto al dengue, Cayr\u00e9 inform\u00f3 adem\u00e1s que son 2.616 los casos positivos en la provincia.&nbsp;Hoy se realizar\u00e1n tareas de bloqueo de foco, con tres humeras nuevas adquiridas, en cuadrante comprendido entre calles Urquiza y Chaco, y Arribalzaga y 9 de Julio. Adem\u00e1s se esta culminando el tercer ciclo de fumigaci\u00f3n espacial en cuadrante que va desde Chaco y San Lorenzo; y Miranda y Fort\u00edn Alvarado. Por \u00faltimo detall\u00f3 que se realizar\u00e1n tareas de bloqueo focal en Villa Chica y Villa Gu\u00edo.<\/p>\n","protected":false},"excerpt":{"rendered":"<p>El Ministerio de Salud P\u00fablica del Chaco brind\u00f3&nbsp;un nuevo&nbsp;parte epidemiol\u00f3gico&nbsp;en el que confirm\u00f3 que ayer se registraron tres nuevas muertes de pacientes con coronavirus&nbsp;y&nbsp;que hasta la ma\u00f1ana de este jueves se&nbsp;registraron 675&nbsp;casos positivos de COVID-19,&nbsp;es decir 35 m\u00e1s que ayer. El total de muestras tomadas es de 5.091, es decir que el nivel de positividad &hellip;<\/p>\n","protected":false},"author":2,"featured_media":5027,"comment_status":"open","ping_status":"open","sticky":false,"template":"","format":"standard","meta":{"_jetpack_memberships_contains_paid_content":false,"footnotes":"","jetpack_publicize_message":"","jetpack_publicize_feature_enabled":true,"jetpack_social_post_already_shared":true,"jetpack_social_options":{"image_generator_settings":{"template":"highway","default_image_id":0,"font":"","enabled":false},"version":2}},"categories":[5,46],"tags":[],"class_list":["post-6698","post","type-post","status-publish","format-standard","has-post-thumbnail","hentry","category-chaco","category-salud"],"jetpack_publicize_connections":[],"jetpack_featured_media_url":"https:\/\/portalmovil.com.ar\/wp-content\/uploads\/2020\/04\/290888-10.jpg","jetpack_sharing_enabled":true,"amp_enabled":true,"_links":{"self":[{"href":"https:\/\/portalmovil.com.ar\/index.php\/wp-json\/wp\/v2\/posts\/6698","targetHints":{"allow":["GET"]}}],"collection":[{"href":"https:\/\/portalmovil.com.ar\/index.php\/wp-json\/wp\/v2\/posts"}],"about":[{"href":"https:\/\/portalmovil.com.ar\/index.php\/wp-json\/wp\/v2\/types\/post"}],"author":[{"embeddable":true,"href":"https:\/\/portalmovil.com.ar\/index.php\/wp-json\/wp\/v2\/users\/2"}],"replies":[{"embeddable":true,"href":"https:\/\/portalmovil.com.ar\/index.php\/wp-json\/wp\/v2\/comments?post=6698"}],"version-history":[{"count":1,"href":"https:\/\/portalmovil.com.ar\/index.php\/wp-json\/wp\/v2\/posts\/6698\/revisions"}],"predecessor-version":[{"id":6699,"href":"https:\/\/portalmovil.com.ar\/index.php\/wp-json\/wp\/v2\/posts\/6698\/revisions\/6699"}],"wp:featuredmedia":[{"embeddable":true,"href":"https:\/\/portalmovil.com.ar\/index.php\/wp-json\/wp\/v2\/media\/5027"}],"wp:attachment":[{"href":"https:\/\/portalmovil.com.ar\/index.php\/wp-json\/wp\/v2\/media?parent=6698"}],"wp:term":[{"taxonomy":"category","embeddable":true,"href":"https:\/\/portalmovil.com.ar\/index.php\/wp-json\/wp\/v2\/categories?post=6698"},{"taxonomy":"post_tag","embeddable":true,"href":"https:\/\/portalmovil.com.ar\/index.php\/wp-json\/wp\/v2\/tags?post=6698"}],"curies":[{"name":"wp","href":"https:\/\/api.w.org\/{rel}","templated":true}]}}