{"id":66721,"date":"2022-11-19T14:45:37","date_gmt":"2022-11-19T17:45:37","guid":{"rendered":"https:\/\/portalmovil.com.ar\/?p=66721"},"modified":"2022-11-19T14:45:40","modified_gmt":"2022-11-19T17:45:40","slug":"politicos-chaquenos-deberan-aprobar-un-examen-para-ser-candidato","status":"publish","type":"post","link":"https:\/\/portalmovil.com.ar\/index.php\/2022\/11\/19\/politicos-chaquenos-deberan-aprobar-un-examen-para-ser-candidato\/","title":{"rendered":"Pol\u00edticos chaque\u00f1os deber\u00e1n aprobar un examen para ser candidato"},"content":{"rendered":"\n<p>El gobernador Jorge Capitanich, junto a la vicegobernadora Anal\u00eda Rach Quiroga y a la secretaria de Derechos Humanos y G\u00e9neros, Silvana P\u00e9rez, present\u00f3 este viernes la plataforma digital de capacitaci\u00f3n en g\u00e9nero y violencia por motivos de g\u00e9neros para pre candidatos y pre candidatas a cargos electivos en los \u00e1mbitos provincial y municipal. Este lanzamiento se enmarca en la agenda institucional \u00abM\u00e1s juntas, m\u00e1s fuertes\u00bb que impulsa el Gobierno de la provincia en el mes del \u00abD\u00eda Internacional de la Eliminaci\u00f3n de la Violencia contra las Mujeres\u00bb, que se conmemora el 25 de noviembre.<br>\u00a0<br>Se trata de una plataforma digital, desarrollada por ECOM Chaco, a la que deber\u00e1n acceder pre candidatos y pre candidatas de todo el territorio provincial para cursar la capacitaci\u00f3n y obtener el certificado, que se estableci\u00f3 como requisito para las postulaciones mediante la incorporaci\u00f3n de los arts. 55\u00b0 bis, 55\u00b0 ter 55\u00b0 qu\u00e1ter a la Ley Electoral de Chaco N\u00b0 834-Q.<br>\u00a0<br>\u201cEsto forma parte de nuestro compromiso para construir una sociedad democr\u00e1tica, plural, con equidad de g\u00e9nero, y desterrando para siempre la violencia de g\u00e9nero que es parte de una cultura machista impuesta y forma parte de un proceso cultural cuya transformaci\u00f3n tenemos que hacer todos los d\u00edas para mejorar la calidad de vida de nuestra ciudadan\u00eda\u201d, afirm\u00f3 el gobernador.<br>\u00a0<br>El mandatario provincial remarc\u00f3 que en el Chaco se lleva adelante una pol\u00edtica activa en materia de g\u00e9nero, que incluye el gabinete con paridad de g\u00e9nero y el presupuesto provincial con perspectiva de g\u00e9nero, entre otros aspectos.<br>\u00a0<br>\u201cEs importante remarcar que la incorporaci\u00f3n de estos art\u00edculos se alcanz\u00f3 por unanimidad en la c\u00e1mara de diputados\u201d, mencion\u00f3 el gobernador y agradeci\u00f3 la presencia de representantes de los distintos partidos pol\u00edticos en el lanzamiento de la plataforma de capacitaci\u00f3n.<br>\u00a0<br>\u201cAgradecemos a quienes van a participar en la capacitaci\u00f3n y el compromiso para seguir construyendo una sociedad democr\u00e1tica, plural y sin violencia\u201d, cerr\u00f3 Capitanich.<br>\u00a0<br>En la misma l\u00ednea, la vicegobernadora Anal\u00eda Rach Quiroga valor\u00f3 esta nueva herramienta y asegur\u00f3: \u201cEs la \u00fanica forma de transformar la realidad, que\u00a0 nos convoquemos en este tema que debe interpelarnos, ser parte de ese proceso de transformaci\u00f3n y para ello se necesita de estos instrumentos\u201d.<br>\u00a0<br>La inscripci\u00f3n para acceder a la capacitaci\u00f3n se realiza a trav\u00e9s de la plataforma Tu Gobierno Digital y los candidatos pueden acceder a los contenidos sin l\u00edmites de tiempo ni horarios. Se compone de 3 m\u00f3dulos con clases de alta calidad de 45 minutos aproximadamente, que exponen contenido seleccionado y dise\u00f1ado de manera conjunta con el Centro de Estudios de G\u00e9neros y Feminismos de UNCAUS sobre la Ley Micaela. Adem\u00e1s de bibliograf\u00eda obligatoria y un examen final m\u00faltiple choice. Una vez finalizado el examen, el certificado se entrega de manera autom\u00e1tica. \u00a0<\/p>\n","protected":false},"excerpt":{"rendered":"<p>El gobernador Jorge Capitanich, junto a la vicegobernadora Anal\u00eda Rach Quiroga y a la secretaria de Derechos Humanos y G\u00e9neros, Silvana P\u00e9rez, present\u00f3 este viernes la plataforma digital de capacitaci\u00f3n en g\u00e9nero y violencia por motivos de g\u00e9neros para pre candidatos y pre candidatas a cargos electivos en los \u00e1mbitos provincial y municipal. Este lanzamiento &hellip;<\/p>\n","protected":false},"author":2,"featured_media":66722,"comment_status":"open","ping_status":"open","sticky":false,"template":"","format":"standard","meta":{"_jetpack_memberships_contains_paid_content":false,"footnotes":"","jetpack_publicize_message":"","jetpack_publicize_feature_enabled":true,"jetpack_social_post_already_shared":true,"jetpack_social_options":{"image_generator_settings":{"template":"highway","default_image_id":0,"font":"","enabled":false},"version":2}},"categories":[5,14],"tags":[],"class_list":["post-66721","post","type-post","status-publish","format-standard","has-post-thumbnail","hentry","category-chaco","category-politica"],"jetpack_publicize_connections":[],"jetpack_featured_media_url":"https:\/\/portalmovil.com.ar\/wp-content\/uploads\/2022\/11\/217748w750h498c.jpg.webp","jetpack_sharing_enabled":true,"amp_enabled":true,"_links":{"self":[{"href":"https:\/\/portalmovil.com.ar\/index.php\/wp-json\/wp\/v2\/posts\/66721","targetHints":{"allow":["GET"]}}],"collection":[{"href":"https:\/\/portalmovil.com.ar\/index.php\/wp-json\/wp\/v2\/posts"}],"about":[{"href":"https:\/\/portalmovil.com.ar\/index.php\/wp-json\/wp\/v2\/types\/post"}],"author":[{"embeddable":true,"href":"https:\/\/portalmovil.com.ar\/index.php\/wp-json\/wp\/v2\/users\/2"}],"replies":[{"embeddable":true,"href":"https:\/\/portalmovil.com.ar\/index.php\/wp-json\/wp\/v2\/comments?post=66721"}],"version-history":[{"count":1,"href":"https:\/\/portalmovil.com.ar\/index.php\/wp-json\/wp\/v2\/posts\/66721\/revisions"}],"predecessor-version":[{"id":66723,"href":"https:\/\/portalmovil.com.ar\/index.php\/wp-json\/wp\/v2\/posts\/66721\/revisions\/66723"}],"wp:featuredmedia":[{"embeddable":true,"href":"https:\/\/portalmovil.com.ar\/index.php\/wp-json\/wp\/v2\/media\/66722"}],"wp:attachment":[{"href":"https:\/\/portalmovil.com.ar\/index.php\/wp-json\/wp\/v2\/media?parent=66721"}],"wp:term":[{"taxonomy":"category","embeddable":true,"href":"https:\/\/portalmovil.com.ar\/index.php\/wp-json\/wp\/v2\/categories?post=66721"},{"taxonomy":"post_tag","embeddable":true,"href":"https:\/\/portalmovil.com.ar\/index.php\/wp-json\/wp\/v2\/tags?post=66721"}],"curies":[{"name":"wp","href":"https:\/\/api.w.org\/{rel}","templated":true}]}}