{"id":6667,"date":"2020-05-20T12:49:58","date_gmt":"2020-05-20T15:49:58","guid":{"rendered":"http:\/\/portalmovil.com.ar\/?p=6667"},"modified":"2020-05-20T12:51:14","modified_gmt":"2020-05-20T15:51:14","slug":"capitanich-no-se-volvera-a-las-fases-anteriores-del-aislamiento-tenemos-que-convivir-con-el-virus","status":"publish","type":"post","link":"https:\/\/portalmovil.com.ar\/index.php\/2020\/05\/20\/capitanich-no-se-volvera-a-las-fases-anteriores-del-aislamiento-tenemos-que-convivir-con-el-virus\/","title":{"rendered":"Capitanich: \u00abno se volver\u00e1 a las fases anteriores del aislamiento, tenemos que convivir con el virus\u00bb"},"content":{"rendered":"\n<p>Capitanich expres\u00f3 que \u00abtenemos un problema, tenemos que convivir con un problema, hacemos el m\u00e1ximo esfuerzo posible para neutralizar el impacto del problema pero eso no puede ser imputable a nuestra responsabilidad directa\u00bb.<\/p>\n\n\n\n<p>El Gobernador Jorge Capitanich, dej\u00f3 a entrever que no se volver\u00e1 a las fases anteriores del aislamiento social y que se trata de \u00abun modelo de convivencia con el Covid-19\u00bb. Adem\u00e1s, reconoci\u00f3 que es una incertidumbre la duraci\u00f3n de estas medidas para evitar la propagaci\u00f3n del coronavirus.<\/p>\n\n\n\n<p>\u00abEs una cuesti\u00f3n que vamos a tener que convivir, nadie puede saber a ciencia cierta si esto va a durar 1 mes, 5 meses o 3 a\u00f1os, no hay vacunas ni remedio\u00bb, explic\u00f3.<\/p>\n\n\n\n<p>Al referirse sobre el cuadro de situaci\u00f3n epidemiol\u00f3gica local, Capitanich dijo que \u00abtenemos circulaci\u00f3n comunitaria, eso no es noevedad, y el problema central es que la persona busca al virus\u00bb.<\/p>\n\n\n\n<p>En este sentido, record\u00f3 que \u00abfuimos la primera provincia en tomar la decisi\u00f3n con respecto a la cuarentena obligatoria\u00bb y agreg\u00f3: \u00absomos la primera provincia que tiene autoevaluaci\u00f3n y todo un sistema para la autorizaci\u00f3n para el control de movilidad y sistema de turnos\u00bb.<\/p>\n\n\n\n<p>Debido al rebrote de infectados por COVID-19 y los fallecimientos en los \u00faltimos d\u00edas, el foco de discusi\u00f3n se sit\u00faa en la posibilidad de volver atr\u00e1s con la flexibilizaci\u00f3n de la cuarentena, a lo que Capitanich manifest\u00f3: \u00abla discusi\u00f3n no es si se vuelve o no a fases, esa es una discusi\u00f3n cerrada en Argentina. Eso es un problema lo tenemos que visualizar en un modelo de convivencia con el covid19. Entendemos que el cuidado de las personas es insustituible porque es la persona la que busca al virus\u00bb.<\/p>\n\n\n\n<p>El mandatario recalc\u00f3 la importancia del \u00abuso obligatorio de barbijos, las medidas de higiene, las medidas de bioseguridad en espacios, el distanciamiento obligatorio son cuestiones esenciales.<\/p>\n\n\n\n<p>Capitanich expres\u00f3 que \u00abtenemos un problema, tenemos que convivir con un problema, hacemos el m\u00e1ximo esfuerzo posible para neutralizar el impacto del problema pero eso no puede ser imputable a nuestra responsabilidad directa\u00bb.<\/p>\n\n\n\n<p>A\u00f1adi\u00f3 que, \u00abpodemos establecer protocolos, generar recomendaciones, asignar recursos, pero la atenci\u00f3n de un paciente y el grado de afectaci\u00f3n del paciente tambi\u00e9n depende de patolog\u00edas de base, enfermedades cr\u00f3nicas, son cuestiones extremadamente complejas que ineludiblemente nos lleva a nosotros a tener que tener mucha atenci\u00f3n pero tambi\u00e9n a entender que la situaci\u00f3n es extremadamente compleja desde el punto de vista social, cuando uno tiene alto nivel de informalidad no hay ninguna posibilidad de que el sistema de seguridad social pueda amortizar esa deuda social, en consecuencia la actividad econ\u00f3mica tambi\u00e9n resiente la recaudaci\u00f3n y la recaudaci\u00f3n resiente la capacidad de funcionamiento de la econom\u00eda\u00bb.<\/p>\n","protected":false},"excerpt":{"rendered":"<p>Capitanich expres\u00f3 que \u00abtenemos un problema, tenemos que convivir con un problema, hacemos el m\u00e1ximo esfuerzo posible para neutralizar el impacto del problema pero eso no puede ser imputable a nuestra responsabilidad directa\u00bb. El Gobernador Jorge Capitanich, dej\u00f3 a entrever que no se volver\u00e1 a las fases anteriores del aislamiento social y que se trata &hellip;<\/p>\n","protected":false},"author":2,"featured_media":6131,"comment_status":"open","ping_status":"open","sticky":false,"template":"","format":"standard","meta":{"_jetpack_memberships_contains_paid_content":false,"footnotes":"","jetpack_publicize_message":"","jetpack_publicize_feature_enabled":true,"jetpack_social_post_already_shared":true,"jetpack_social_options":{"image_generator_settings":{"template":"highway","default_image_id":0,"font":"","enabled":false},"version":2}},"categories":[5],"tags":[],"class_list":["post-6667","post","type-post","status-publish","format-standard","has-post-thumbnail","hentry","category-chaco"],"jetpack_publicize_connections":[],"jetpack_featured_media_url":"https:\/\/portalmovil.com.ar\/wp-content\/uploads\/2020\/05\/6a22c5fc-b718-4b1a-be6e-5c4a446ab314.jpg","jetpack_sharing_enabled":true,"amp_enabled":true,"_links":{"self":[{"href":"https:\/\/portalmovil.com.ar\/index.php\/wp-json\/wp\/v2\/posts\/6667","targetHints":{"allow":["GET"]}}],"collection":[{"href":"https:\/\/portalmovil.com.ar\/index.php\/wp-json\/wp\/v2\/posts"}],"about":[{"href":"https:\/\/portalmovil.com.ar\/index.php\/wp-json\/wp\/v2\/types\/post"}],"author":[{"embeddable":true,"href":"https:\/\/portalmovil.com.ar\/index.php\/wp-json\/wp\/v2\/users\/2"}],"replies":[{"embeddable":true,"href":"https:\/\/portalmovil.com.ar\/index.php\/wp-json\/wp\/v2\/comments?post=6667"}],"version-history":[{"count":2,"href":"https:\/\/portalmovil.com.ar\/index.php\/wp-json\/wp\/v2\/posts\/6667\/revisions"}],"predecessor-version":[{"id":6669,"href":"https:\/\/portalmovil.com.ar\/index.php\/wp-json\/wp\/v2\/posts\/6667\/revisions\/6669"}],"wp:featuredmedia":[{"embeddable":true,"href":"https:\/\/portalmovil.com.ar\/index.php\/wp-json\/wp\/v2\/media\/6131"}],"wp:attachment":[{"href":"https:\/\/portalmovil.com.ar\/index.php\/wp-json\/wp\/v2\/media?parent=6667"}],"wp:term":[{"taxonomy":"category","embeddable":true,"href":"https:\/\/portalmovil.com.ar\/index.php\/wp-json\/wp\/v2\/categories?post=6667"},{"taxonomy":"post_tag","embeddable":true,"href":"https:\/\/portalmovil.com.ar\/index.php\/wp-json\/wp\/v2\/tags?post=6667"}],"curies":[{"name":"wp","href":"https:\/\/api.w.org\/{rel}","templated":true}]}}