{"id":66591,"date":"2022-11-16T23:04:05","date_gmt":"2022-11-17T02:04:05","guid":{"rendered":"https:\/\/portalmovil.com.ar\/?p=66591"},"modified":"2022-11-16T23:06:49","modified_gmt":"2022-11-17T02:06:49","slug":"chaco-funcionaria-circulaba-en-un-auto-secuestrado-por-la-justicia-federal","status":"publish","type":"post","link":"https:\/\/portalmovil.com.ar\/index.php\/2022\/11\/16\/chaco-funcionaria-circulaba-en-un-auto-secuestrado-por-la-justicia-federal\/","title":{"rendered":"Chaco: funcionaria circulaba en un auto secuestrado por la Justicia Federal"},"content":{"rendered":"\n<p>Un a\u00f1o atr\u00e1s la Justicia Federal le hab\u00eda secuestrado su autom\u00f3vil Renault Sandero cuando estaba estacionado a las afueras de la peluquer\u00eda de su hermano, pero este s\u00e1bado, Ram\u00f3n Antonio Romero lo encontr\u00f3 en la calle.<\/p>\n\n\n\n<figure class=\"wp-block-image size-large\"><img loading=\"lazy\" decoding=\"async\" width=\"577\" height=\"1024\" src=\"https:\/\/portalmovil.com.ar\/wp-content\/uploads\/2022\/11\/275663782_5214955221897991_8334109747144245554_n-577x1024.jpg\" alt=\"\" class=\"wp-image-66595\" srcset=\"https:\/\/portalmovil.com.ar\/wp-content\/uploads\/2022\/11\/275663782_5214955221897991_8334109747144245554_n-577x1024.jpg 577w, https:\/\/portalmovil.com.ar\/wp-content\/uploads\/2022\/11\/275663782_5214955221897991_8334109747144245554_n-169x300.jpg 169w, https:\/\/portalmovil.com.ar\/wp-content\/uploads\/2022\/11\/275663782_5214955221897991_8334109747144245554_n-768x1364.jpg 768w, https:\/\/portalmovil.com.ar\/wp-content\/uploads\/2022\/11\/275663782_5214955221897991_8334109747144245554_n-865x1536.jpg 865w, https:\/\/portalmovil.com.ar\/wp-content\/uploads\/2022\/11\/275663782_5214955221897991_8334109747144245554_n.jpg 1153w\" sizes=\"auto, (max-width: 577px) 100vw, 577px\" \/><\/figure>\n\n\n\n<p>En el mismo se desplazaban N\u00e9lida Beatriz Maldonado, directora de Provincial para la Prevenci\u00f3n y Erradicaci\u00f3n del Trabajo Infantil y Protecci\u00f3n del Trabajo Adolescente (DIPROPETI) y su secretario.<\/p>\n\n\n\n<p>Sobre el momento en el que pudo ver a su autom\u00f3vil el remisero confes\u00f3 que decidi\u00f3 cruzar su moto delante del auto, por lo que el hecho termin\u00f3 con un hombre lesionado y denuncias cruzadas.<\/p>\n\n\n\n<figure class=\"wp-block-video\"><video height=\"480\" style=\"aspect-ratio: 264 \/ 480;\" width=\"264\" controls src=\"https:\/\/portalmovil.com.ar\/wp-content\/uploads\/2022\/11\/y2mate.com-Remisero-y-funcionaria-provincial_480p-1.mp4\"><\/video><\/figure>\n\n\n\n<p>Seg\u00fan consta en los papeles, en septiembre 2021,&nbsp;<strong>el auto de Romero fue secuestrado debido a que encontraron un paquete de estupefacientes en su interior,<\/strong>&nbsp;por lo que la causa fue tomada por el Juzgado Federal N\u00ba 1 de Resistencia, a cargo de la Dra. Zunilda Niremperger, que secuestr\u00f3 el veh\u00edculo y&nbsp;<strong>tres d\u00edas despu\u00e9s dej\u00f3 en libertad al remisero.&nbsp;<\/strong><\/p>\n\n\n\n<p>Fue as\u00ed que&nbsp;<strong>el hombre comenz\u00f3 a realizar los tr\u00e1mites para poder recuperar el veh\u00edculo,<\/strong>&nbsp;pero se sorprendi\u00f3 al saber que recibir el llamado de un familiar, quien le manifest\u00f3 que hab\u00eda visto el auto en la ma\u00f1ana del s\u00e1bado 12 en la intersecci\u00f3n de Per\u00f3n y Vedia.&nbsp;<\/p>\n\n\n\n<p>En esta l\u00ednea,&nbsp;<strong>el autom\u00f3vil fue visto en Avenida Sab\u00edn al 1800<\/strong>, frente al negocio del hermano del remisero.<\/p>\n\n\n\n<p>Fue as\u00ed que el hermano del mismo se acerc\u00f3 al auto y comenz\u00f3 a grabar, en el mismo se puede escuchar: \u00ab<strong>El auto este no puede andar por la v\u00eda p\u00fablica, es de propiedad de mi hermano, est\u00e1 secuestrado<\/strong>\u00ab.<\/p>\n\n\n\n<p>&nbsp;\u00abMiren, le cambiaron las cuatro ruedas, le cambiaron el paragolpes.&nbsp;<strong>Andan como si nada paseando en un auto que no les pertenece<\/strong>\u00ab, expresa sobre el estado en el que se encuentra el auto.&nbsp;<\/p>\n\n\n\n<p>El hermano de Romero tambi\u00e9n termina descubriendo que el auto tiene una nueva verificaci\u00f3n t\u00e9cnica, pregunta \u00abcon qu\u00e9 papeles la hicieron\u00bb.<\/p>\n\n\n\n<p>En la denuncia consta que la mujer le dijo \u00ab<strong>usted es un narcotraficante, yo trabajo en el poder judicial por eso tengo el veh\u00edculo<\/strong>\u00ab.&nbsp;<\/p>\n\n\n\n<p>Una vez que quieren arrancar impactan contra la motocicleta de Romero y un vecino del lugar que quer\u00eda impedir que se den a la fuga.&nbsp;<\/p>\n","protected":false},"excerpt":{"rendered":"<p>Un a\u00f1o atr\u00e1s la Justicia Federal le hab\u00eda secuestrado su autom\u00f3vil Renault Sandero cuando estaba estacionado a las afueras de la peluquer\u00eda de su hermano, pero este s\u00e1bado, Ram\u00f3n Antonio Romero lo encontr\u00f3 en la calle. En el mismo se desplazaban N\u00e9lida Beatriz Maldonado, directora de Provincial para la Prevenci\u00f3n y Erradicaci\u00f3n del Trabajo Infantil &hellip;<\/p>\n","protected":false},"author":2,"featured_media":66593,"comment_status":"open","ping_status":"open","sticky":false,"template":"","format":"standard","meta":{"_jetpack_memberships_contains_paid_content":false,"footnotes":"","jetpack_publicize_message":"","jetpack_publicize_feature_enabled":true,"jetpack_social_post_already_shared":true,"jetpack_social_options":{"image_generator_settings":{"template":"highway","default_image_id":0,"font":"","enabled":false},"version":2}},"categories":[5,8],"tags":[],"class_list":["post-66591","post","type-post","status-publish","format-standard","has-post-thumbnail","hentry","category-chaco","category-policiales"],"jetpack_publicize_connections":[],"jetpack_featured_media_url":"https:\/\/portalmovil.com.ar\/wp-content\/uploads\/2022\/11\/af5e7047-5ca0-4cdd-883f-d21c900bef69.jpg","jetpack_sharing_enabled":true,"amp_enabled":true,"_links":{"self":[{"href":"https:\/\/portalmovil.com.ar\/index.php\/wp-json\/wp\/v2\/posts\/66591","targetHints":{"allow":["GET"]}}],"collection":[{"href":"https:\/\/portalmovil.com.ar\/index.php\/wp-json\/wp\/v2\/posts"}],"about":[{"href":"https:\/\/portalmovil.com.ar\/index.php\/wp-json\/wp\/v2\/types\/post"}],"author":[{"embeddable":true,"href":"https:\/\/portalmovil.com.ar\/index.php\/wp-json\/wp\/v2\/users\/2"}],"replies":[{"embeddable":true,"href":"https:\/\/portalmovil.com.ar\/index.php\/wp-json\/wp\/v2\/comments?post=66591"}],"version-history":[{"count":2,"href":"https:\/\/portalmovil.com.ar\/index.php\/wp-json\/wp\/v2\/posts\/66591\/revisions"}],"predecessor-version":[{"id":66596,"href":"https:\/\/portalmovil.com.ar\/index.php\/wp-json\/wp\/v2\/posts\/66591\/revisions\/66596"}],"wp:featuredmedia":[{"embeddable":true,"href":"https:\/\/portalmovil.com.ar\/index.php\/wp-json\/wp\/v2\/media\/66593"}],"wp:attachment":[{"href":"https:\/\/portalmovil.com.ar\/index.php\/wp-json\/wp\/v2\/media?parent=66591"}],"wp:term":[{"taxonomy":"category","embeddable":true,"href":"https:\/\/portalmovil.com.ar\/index.php\/wp-json\/wp\/v2\/categories?post=66591"},{"taxonomy":"post_tag","embeddable":true,"href":"https:\/\/portalmovil.com.ar\/index.php\/wp-json\/wp\/v2\/tags?post=66591"}],"curies":[{"name":"wp","href":"https:\/\/api.w.org\/{rel}","templated":true}]}}