{"id":66582,"date":"2022-11-16T17:07:58","date_gmt":"2022-11-16T20:07:58","guid":{"rendered":"https:\/\/portalmovil.com.ar\/?p=66582"},"modified":"2022-11-16T17:08:01","modified_gmt":"2022-11-16T20:08:01","slug":"ciclovias-en-resistencia-convocan-a-profesionales-vecinos-y-vecinas-a-la-audiencia-consultiva-este-viernes-18-en-el-colegio-de-arquitectos","status":"publish","type":"post","link":"https:\/\/portalmovil.com.ar\/index.php\/2022\/11\/16\/ciclovias-en-resistencia-convocan-a-profesionales-vecinos-y-vecinas-a-la-audiencia-consultiva-este-viernes-18-en-el-colegio-de-arquitectos\/","title":{"rendered":"Ciclov\u00edas en Resistencia: Convocan a profesionales, vecinos y vecinas a la audiencia consultiva este viernes 18 en el Colegio de Arquitectos"},"content":{"rendered":"\n<p>Resistencia contin\u00faa con las audiencias consultivas para la elaboraci\u00f3n del proyecto de implementaci\u00f3n de ciclov\u00edas, el sistema de movilidad urbana sustentable para circular por el micro y macrocentro. Este viernes 18 de noviembre, a las 18 horas, en el Colegio de Arquitectos, avenida 25 de Mayo 555, se convoca a profesionales, vecinas y vecinos en general a analizar esta alternativa vial.<\/p>\n\n\n\n<p>Al respecto, el presidente del Concejo Municipal, Agust\u00edn Romero, invit\u00f3 \u201ca esta reuni\u00f3n informativa que forma parte del cronograma de audiencias consultivas para la materializaci\u00f3n de las ciclov\u00edas\u201d.<\/p>\n\n\n\n<p>\u201cYa hemos tenido otros encuentros con comisiones vecinales y comerciantes interesados en colaborar en el ordenamiento de la circulaci\u00f3n vehicular en la ciudad\u201d, acot\u00f3.<\/p>\n\n\n\n<p>Por ello reiter\u00f3 la convocatoria para este viernes, a la cual podr\u00e1n asistir directamente o registr\u00e1ndose a trav\u00e9s del sitio web: presidenciaconcejo.com.<\/p>\n\n\n\n<p>A su turno, el subsecretario municipal de Arquitectura e Ingenier\u00eda, Fernando Porfirio, explic\u00f3 que esta serie de reuniones forman parte del proceso para el futuro llamado a licitaci\u00f3n para la construcci\u00f3n de ciclov\u00edas en el micro y macrocentro de Resistencia.<\/p>\n\n\n\n<p>\u201cCon la debida participaci\u00f3n del Concejo Municipal, hemos realizado diferentes convocatorias y ahora invitamos a profesionales y vecinos interesados en esta nueva movilidad alternativa para circular por el centro\u201d, consign\u00f3.<\/p>\n\n\n\n<p>\u201cTenemos muchas expectativas por este proyecto que forma parte del Plan Eco Resistencia y aspiramos que en un corto tiempo se llame a licitaci\u00f3n para que se concrete esta iniciativa que ser\u00e1 beneficiosa para muchas personas\u201d, subray\u00f3.<\/p>\n\n\n\n<p><strong>DETALLES DE LA INICIATIVA<\/strong><\/p>\n\n\n\n<p>La Construcci\u00f3n de Ciudades y Comunidades Sostenibles, que forma parte del Plan Eco Resistencia, va a la par de la generaci\u00f3n de sistemas de movilidad que faciliten la conectividad y reduzcan el impacto sobre el ambiente y es aqu\u00ed donde las ciclov\u00edas se posicionan de manera importante.<\/p>\n\n\n\n<p>La implementaci\u00f3n de ciclov\u00edas es vital para el acceso r\u00e1pido y seguro al sistema vial que compone el tejido de macrocentro y microcentro, de la ciudad de Resistencia.<\/p>\n\n\n\n<p><strong>CICLOV\u00cdAS MICROCENTRO Y MACROCENTRO<\/strong><\/p>\n\n\n\n<p>Las ciclov\u00edas son una diferenciaci\u00f3n f\u00edsica dentro de la calzada que da prioridad de circulaci\u00f3n al ciclista y permite la convivencia de autos y motos con este tipo de rodados, simult\u00e1neamente.<\/p>\n\n\n\n<p>Los carriles propuestos en macrocentro conectar\u00e1n los sectores externos de la Ciudad con el circuito del microcentro. En el centro se conformar\u00e1n v\u00edas directas a la plaza central, sin perder la libertad de desplazarse por el resto de las calles, dando circulaci\u00f3n segura hacia los principales puntos de inter\u00e9s.<\/p>\n\n\n\n<p>La propuesta incorpora la instalaci\u00f3n de nuevos bicicleteros met\u00e1licos en lugares p\u00fablicos estrat\u00e9gicos, que acompa\u00f1ar\u00e1n el recorrido de las ciclov\u00edas como elementos complementarios esenciales para el desarrollo de las mismas.<\/p>\n","protected":false},"excerpt":{"rendered":"<p>Resistencia contin\u00faa con las audiencias consultivas para la elaboraci\u00f3n del proyecto de implementaci\u00f3n de ciclov\u00edas, el sistema de movilidad urbana sustentable para circular por el micro y macrocentro. Este viernes 18 de noviembre, a las 18 horas, en el Colegio de Arquitectos, avenida 25 de Mayo 555, se convoca a profesionales, vecinas y vecinos en &hellip;<\/p>\n","protected":false},"author":2,"featured_media":66583,"comment_status":"open","ping_status":"open","sticky":false,"template":"","format":"standard","meta":{"_jetpack_memberships_contains_paid_content":false,"footnotes":"","jetpack_publicize_message":"","jetpack_publicize_feature_enabled":true,"jetpack_social_post_already_shared":true,"jetpack_social_options":{"image_generator_settings":{"template":"highway","default_image_id":0,"font":"","enabled":false},"version":2}},"categories":[14,37],"tags":[],"class_list":["post-66582","post","type-post","status-publish","format-standard","has-post-thumbnail","hentry","category-politica","category-resistencia"],"jetpack_publicize_connections":[],"jetpack_featured_media_url":"https:\/\/portalmovil.com.ar\/wp-content\/uploads\/2022\/11\/CONFERENCIA-CICLOVIAS.webp","jetpack_sharing_enabled":true,"amp_enabled":true,"_links":{"self":[{"href":"https:\/\/portalmovil.com.ar\/index.php\/wp-json\/wp\/v2\/posts\/66582","targetHints":{"allow":["GET"]}}],"collection":[{"href":"https:\/\/portalmovil.com.ar\/index.php\/wp-json\/wp\/v2\/posts"}],"about":[{"href":"https:\/\/portalmovil.com.ar\/index.php\/wp-json\/wp\/v2\/types\/post"}],"author":[{"embeddable":true,"href":"https:\/\/portalmovil.com.ar\/index.php\/wp-json\/wp\/v2\/users\/2"}],"replies":[{"embeddable":true,"href":"https:\/\/portalmovil.com.ar\/index.php\/wp-json\/wp\/v2\/comments?post=66582"}],"version-history":[{"count":2,"href":"https:\/\/portalmovil.com.ar\/index.php\/wp-json\/wp\/v2\/posts\/66582\/revisions"}],"predecessor-version":[{"id":66585,"href":"https:\/\/portalmovil.com.ar\/index.php\/wp-json\/wp\/v2\/posts\/66582\/revisions\/66585"}],"wp:featuredmedia":[{"embeddable":true,"href":"https:\/\/portalmovil.com.ar\/index.php\/wp-json\/wp\/v2\/media\/66583"}],"wp:attachment":[{"href":"https:\/\/portalmovil.com.ar\/index.php\/wp-json\/wp\/v2\/media?parent=66582"}],"wp:term":[{"taxonomy":"category","embeddable":true,"href":"https:\/\/portalmovil.com.ar\/index.php\/wp-json\/wp\/v2\/categories?post=66582"},{"taxonomy":"post_tag","embeddable":true,"href":"https:\/\/portalmovil.com.ar\/index.php\/wp-json\/wp\/v2\/tags?post=66582"}],"curies":[{"name":"wp","href":"https:\/\/api.w.org\/{rel}","templated":true}]}}