{"id":66544,"date":"2022-11-16T10:11:46","date_gmt":"2022-11-16T13:11:46","guid":{"rendered":"https:\/\/portalmovil.com.ar\/?p=66544"},"modified":"2022-11-16T11:26:26","modified_gmt":"2022-11-16T14:26:26","slug":"convocan-a-participar-del-acto-por-el-dia-de-la-lealtad-peronista-en-barranqueras","status":"publish","type":"post","link":"https:\/\/portalmovil.com.ar\/index.php\/2022\/11\/16\/convocan-a-participar-del-acto-por-el-dia-de-la-lealtad-peronista-en-barranqueras\/","title":{"rendered":"Convocan a participar del acto por el D\u00eda de La Militancia Peronista en Barranqueras"},"content":{"rendered":"\n<p>Se trata del 50\u00b0 aniversario del regreso de Per\u00f3n a Argentina tras 17 a\u00f1os de exilio.<\/p>\n\n\n\n<p>El peronismo recuerda el 17 de noviembre\u00a0como un s\u00edmbolo de la resistencia y la militancia en los casi 20 a\u00f1os donde fue proscripto.<\/p>\n\n\n\n<figure class=\"wp-block-embed is-type-video is-provider-youtube wp-block-embed-youtube wp-embed-aspect-4-3 wp-has-aspect-ratio\"><div class=\"wp-block-embed__wrapper\">\n<iframe loading=\"lazy\" title=\"17 de Noviembre 1972 - Regreso del Gral. Peron\" width=\"500\" height=\"375\" src=\"https:\/\/www.youtube.com\/embed\/teLXigqNVDE?feature=oembed\" frameborder=\"0\" allow=\"accelerometer; autoplay; clipboard-write; encrypted-media; gyroscope; picture-in-picture; web-share\" referrerpolicy=\"strict-origin-when-cross-origin\" allowfullscreen><\/iframe>\n<\/div><\/figure>\n\n\n\n<p>Se realizar\u00e1 este jueves 17, a las 19, en homenaje al nacimiento del Movimiento Peronista. La concentraci\u00f3n ser\u00e1 en el Paseo Don Orione (atr\u00e1s del Centro Cultura la Flota).<\/p>\n\n\n\n<figure class=\"wp-block-image size-large is-resized\"><img loading=\"lazy\" decoding=\"async\" src=\"https:\/\/portalmovil.com.ar\/wp-content\/uploads\/2022\/11\/0a50caf2-4861-4f69-96b1-5f3670b31ca9-576x1024.jpg\" alt=\"\" class=\"wp-image-66545\" width=\"741\" height=\"1317\" srcset=\"https:\/\/portalmovil.com.ar\/wp-content\/uploads\/2022\/11\/0a50caf2-4861-4f69-96b1-5f3670b31ca9-576x1024.jpg 576w, https:\/\/portalmovil.com.ar\/wp-content\/uploads\/2022\/11\/0a50caf2-4861-4f69-96b1-5f3670b31ca9-169x300.jpg 169w, https:\/\/portalmovil.com.ar\/wp-content\/uploads\/2022\/11\/0a50caf2-4861-4f69-96b1-5f3670b31ca9-768x1366.jpg 768w, https:\/\/portalmovil.com.ar\/wp-content\/uploads\/2022\/11\/0a50caf2-4861-4f69-96b1-5f3670b31ca9-864x1536.jpg 864w, https:\/\/portalmovil.com.ar\/wp-content\/uploads\/2022\/11\/0a50caf2-4861-4f69-96b1-5f3670b31ca9.jpg 899w\" sizes=\"auto, (max-width: 741px) 100vw, 741px\" \/><\/figure>\n\n\n\n<p>El diputado provincial del FdT, Juan Carlos Ayala, se refiri\u00f3 a la actualidad del movimiento obrero peronista. \u00abHacemos un llamado a los compa\u00f1eros, tenemos que apuntar a la unidad si queremos trabajar verdaderamente para el pueblo, para la gente y los trabajadores. En Barranqueras con Magda Ayala se viene demostrando que los resultados son cada vez mas notorios, haciendo que la ciudad sea la cuna del progreso chaque\u00f1o\u00bb.<\/p>\n","protected":false},"excerpt":{"rendered":"<p>Se trata del 50\u00b0 aniversario del regreso de Per\u00f3n a Argentina tras 17 a\u00f1os de exilio. El peronismo recuerda el 17 de noviembre\u00a0como un s\u00edmbolo de la resistencia y la militancia en los casi 20 a\u00f1os donde fue proscripto. Se realizar\u00e1 este jueves 17, a las 19, en homenaje al nacimiento del Movimiento Peronista. La &hellip;<\/p>\n","protected":false},"author":2,"featured_media":66546,"comment_status":"open","ping_status":"open","sticky":false,"template":"","format":"standard","meta":{"_jetpack_memberships_contains_paid_content":false,"footnotes":"","jetpack_publicize_message":"","jetpack_publicize_feature_enabled":true,"jetpack_social_post_already_shared":true,"jetpack_social_options":{"image_generator_settings":{"template":"highway","default_image_id":0,"font":"","enabled":false},"version":2}},"categories":[5,14],"tags":[],"class_list":["post-66544","post","type-post","status-publish","format-standard","has-post-thumbnail","hentry","category-chaco","category-politica"],"jetpack_publicize_connections":[],"jetpack_featured_media_url":"https:\/\/portalmovil.com.ar\/wp-content\/uploads\/2022\/11\/258866177_1269975273497266_4102727946545421262_n.jpg","jetpack_sharing_enabled":true,"amp_enabled":true,"_links":{"self":[{"href":"https:\/\/portalmovil.com.ar\/index.php\/wp-json\/wp\/v2\/posts\/66544","targetHints":{"allow":["GET"]}}],"collection":[{"href":"https:\/\/portalmovil.com.ar\/index.php\/wp-json\/wp\/v2\/posts"}],"about":[{"href":"https:\/\/portalmovil.com.ar\/index.php\/wp-json\/wp\/v2\/types\/post"}],"author":[{"embeddable":true,"href":"https:\/\/portalmovil.com.ar\/index.php\/wp-json\/wp\/v2\/users\/2"}],"replies":[{"embeddable":true,"href":"https:\/\/portalmovil.com.ar\/index.php\/wp-json\/wp\/v2\/comments?post=66544"}],"version-history":[{"count":4,"href":"https:\/\/portalmovil.com.ar\/index.php\/wp-json\/wp\/v2\/posts\/66544\/revisions"}],"predecessor-version":[{"id":66554,"href":"https:\/\/portalmovil.com.ar\/index.php\/wp-json\/wp\/v2\/posts\/66544\/revisions\/66554"}],"wp:featuredmedia":[{"embeddable":true,"href":"https:\/\/portalmovil.com.ar\/index.php\/wp-json\/wp\/v2\/media\/66546"}],"wp:attachment":[{"href":"https:\/\/portalmovil.com.ar\/index.php\/wp-json\/wp\/v2\/media?parent=66544"}],"wp:term":[{"taxonomy":"category","embeddable":true,"href":"https:\/\/portalmovil.com.ar\/index.php\/wp-json\/wp\/v2\/categories?post=66544"},{"taxonomy":"post_tag","embeddable":true,"href":"https:\/\/portalmovil.com.ar\/index.php\/wp-json\/wp\/v2\/tags?post=66544"}],"curies":[{"name":"wp","href":"https:\/\/api.w.org\/{rel}","templated":true}]}}