{"id":66464,"date":"2022-11-15T12:59:27","date_gmt":"2022-11-15T15:59:27","guid":{"rendered":"https:\/\/portalmovil.com.ar\/?p=66464"},"modified":"2022-11-15T13:59:37","modified_gmt":"2022-11-15T16:59:37","slug":"carrio-fue-reconocida-por-la-unne-por-su-fortalecimiento-de-la-democracia","status":"publish","type":"post","link":"https:\/\/portalmovil.com.ar\/index.php\/2022\/11\/15\/carrio-fue-reconocida-por-la-unne-por-su-fortalecimiento-de-la-democracia\/","title":{"rendered":"Carri\u00f3 fue reconocida por la UNNE por su \u201cfortalecimiento de la democracia\u201d"},"content":{"rendered":"\n<p>La exdiputada nacional, Elisa Carri\u00f3, abri\u00f3 las Jornadas Nacionales de Derechos Constitucionales en la Facultad de Derecho de la Universidad Nacional del Nordeste (UNNE). Habl\u00f3 de la desobediencia civil, retomando los ensayos de Hannah Arendt y de su relaci\u00f3n con el contrato moral y la defensa de la Constituci\u00f3n Nacional en un contexto de crisis de las democracias.<\/p>\n\n\n\n<figure class=\"wp-block-image size-large\"><img loading=\"lazy\" decoding=\"async\" width=\"1024\" height=\"574\" src=\"https:\/\/portalmovil.com.ar\/wp-content\/uploads\/2022\/11\/carrio-ok-1068x599-1-1024x574.jpg\" alt=\"\" class=\"wp-image-66466\" srcset=\"https:\/\/portalmovil.com.ar\/wp-content\/uploads\/2022\/11\/carrio-ok-1068x599-1-1024x574.jpg 1024w, https:\/\/portalmovil.com.ar\/wp-content\/uploads\/2022\/11\/carrio-ok-1068x599-1-300x168.jpg 300w, https:\/\/portalmovil.com.ar\/wp-content\/uploads\/2022\/11\/carrio-ok-1068x599-1-768x431.jpg 768w, https:\/\/portalmovil.com.ar\/wp-content\/uploads\/2022\/11\/carrio-ok-1068x599-1.jpg 1068w\" sizes=\"auto, (max-width: 1024px) 100vw, 1024px\" \/><\/figure>\n\n\n\n<p>Acompa\u00f1aron a la dirigente pol\u00edtica y catedr\u00e1tica durante la conferencia inaugural, el decano de la Facultad de Derecho de la UNNE, Mario Villegas; la jueza Martha Altabe; y el vicegobernador Pedro Braillard Poccard. La exdiputada nacional comenz\u00f3 su alocuci\u00f3n estableciendo una relaci\u00f3n entre el contexto de preguerra y las sociedades posmodernas, al se\u00f1alar que existe desconfianza hacia la pol\u00edtica e insatisfacci\u00f3n.<\/p>\n\n\n\n<p>S\u00f3lo que, en la actualidad, se suma la creaci\u00f3n de una \u201csociedad de deseo y frustraciones que se resuelven en el shopping\u201d, una \u201csociedad del espect\u00e1culo\u201d, expres\u00f3 ante el auditorio. \u201cLas democracias est\u00e1n en crisis, los sistemas parlamentarios est\u00e1n en crisis porque las sociedades se volvieron fascistas. \u00bfQu\u00e9 quiere decir que una sociedad es fascista? Que se rigen por consignas. \u00bfPor qu\u00e9 est\u00e1n angustiados? Porque la satisfacci\u00f3n del deseo les causa una angustia intolerable. Decir tres palabras no asume la complejidad de la vida, del amor, de la ternura. Entonces rige la moda, el saltimbanqui, como en Italia que ahora niegan a todos los inmigrantes\u201d, asever\u00f3.<\/p>\n","protected":false},"excerpt":{"rendered":"<p>La exdiputada nacional, Elisa Carri\u00f3, abri\u00f3 las Jornadas Nacionales de Derechos Constitucionales en la Facultad de Derecho de la Universidad Nacional del Nordeste (UNNE). Habl\u00f3 de la desobediencia civil, retomando los ensayos de Hannah Arendt y de su relaci\u00f3n con el contrato moral y la defensa de la Constituci\u00f3n Nacional en un contexto de crisis &hellip;<\/p>\n","protected":false},"author":2,"featured_media":66477,"comment_status":"open","ping_status":"open","sticky":false,"template":"","format":"standard","meta":{"_jetpack_memberships_contains_paid_content":false,"footnotes":"","jetpack_publicize_message":"","jetpack_publicize_feature_enabled":true,"jetpack_social_post_already_shared":true,"jetpack_social_options":{"image_generator_settings":{"template":"highway","default_image_id":0,"font":"","enabled":false},"version":2}},"categories":[28,5],"tags":[],"class_list":["post-66464","post","type-post","status-publish","format-standard","has-post-thumbnail","hentry","category-actualidad","category-chaco"],"jetpack_publicize_connections":[],"jetpack_featured_media_url":"https:\/\/portalmovil.com.ar\/wp-content\/uploads\/2022\/11\/e7d7e8b9-98f2-40e8-a8f5-faa3fb06bf12.jpg","jetpack_sharing_enabled":true,"amp_enabled":true,"_links":{"self":[{"href":"https:\/\/portalmovil.com.ar\/index.php\/wp-json\/wp\/v2\/posts\/66464","targetHints":{"allow":["GET"]}}],"collection":[{"href":"https:\/\/portalmovil.com.ar\/index.php\/wp-json\/wp\/v2\/posts"}],"about":[{"href":"https:\/\/portalmovil.com.ar\/index.php\/wp-json\/wp\/v2\/types\/post"}],"author":[{"embeddable":true,"href":"https:\/\/portalmovil.com.ar\/index.php\/wp-json\/wp\/v2\/users\/2"}],"replies":[{"embeddable":true,"href":"https:\/\/portalmovil.com.ar\/index.php\/wp-json\/wp\/v2\/comments?post=66464"}],"version-history":[{"count":1,"href":"https:\/\/portalmovil.com.ar\/index.php\/wp-json\/wp\/v2\/posts\/66464\/revisions"}],"predecessor-version":[{"id":66468,"href":"https:\/\/portalmovil.com.ar\/index.php\/wp-json\/wp\/v2\/posts\/66464\/revisions\/66468"}],"wp:featuredmedia":[{"embeddable":true,"href":"https:\/\/portalmovil.com.ar\/index.php\/wp-json\/wp\/v2\/media\/66477"}],"wp:attachment":[{"href":"https:\/\/portalmovil.com.ar\/index.php\/wp-json\/wp\/v2\/media?parent=66464"}],"wp:term":[{"taxonomy":"category","embeddable":true,"href":"https:\/\/portalmovil.com.ar\/index.php\/wp-json\/wp\/v2\/categories?post=66464"},{"taxonomy":"post_tag","embeddable":true,"href":"https:\/\/portalmovil.com.ar\/index.php\/wp-json\/wp\/v2\/tags?post=66464"}],"curies":[{"name":"wp","href":"https:\/\/api.w.org\/{rel}","templated":true}]}}