{"id":6631,"date":"2020-05-19T18:44:35","date_gmt":"2020-05-19T21:44:35","guid":{"rendered":"http:\/\/portalmovil.com.ar\/?p=6631"},"modified":"2020-05-19T18:44:39","modified_gmt":"2020-05-19T21:44:39","slug":"el-gobierno-y-la-guardia-comunitaria-whasek-lograron-un-acuerdo-de-paz-y-dialogo","status":"publish","type":"post","link":"https:\/\/portalmovil.com.ar\/index.php\/2020\/05\/19\/el-gobierno-y-la-guardia-comunitaria-whasek-lograron-un-acuerdo-de-paz-y-dialogo\/","title":{"rendered":"El gobierno y la Guardia Comunitaria Whasek lograron un acuerdo de paz y di\u00e1logo"},"content":{"rendered":"\n<p>El acuerdo, refrendado por todas las partes tras una audiencia en S\u00e1enz Pe\u00f1a, establece que el Ejecutivo desiste de todo inter\u00e9s en la persecuci\u00f3n penal de la organizaci\u00f3n, mientras que \u00e9sta se compromete a reconvertirse en una guardia ambiental. La audiencia fue conducida por el juez Miguel Aranda y cont\u00f3 con la presencia por videoconferencia del Fiscal Carlos Amad<\/p>\n\n\n\n<p>Tras una audiencia multiprop\u00f3sito convocada por el Juzgado Federal de Presidencia Roque S\u00e1enz Pe\u00f1a, el Ejecutivo provincial y representantes de la Guardia comunitaria Whasek llegaron a un acuerdo que puso fin a un conflicto de larga data en la zona de El Impenetrable.<\/p>\n\n\n\n<p>El acuerdo, refrendado por todas las partes, establece que el Gobierno provincial desiste de todo inter\u00e9s en la persecuci\u00f3n penal de la guardia, mientras que \u00e9sta se compromete a reconvertirse en una guardia ambiental con asistencia del Estado.<\/p>\n\n\n\n<p>\u201cEsto pone fin a un conflicto de larga data y abre un camino para la profundizaci\u00f3n del di\u00e1logo y para construir un sistema de consensos respecto a la paz social que es necesario garantizar\u201d, asegur\u00f3 el gobernador Capitanich, quien estuvo acompa\u00f1ado por la ministra de Seguridad y Justicia, Gloria Zalazar, y la secretaria de Derechos Humanos y G\u00e9neros, Silvana P\u00e9rez.<\/p>\n\n\n\n<p>La instancia de di\u00e1logo se desarroll\u00f3 en el marco de una causa penal en la justicia federal en la que dos miembros de la guardia se encontraban imputados por el delito de sedici\u00f3n. La audiencia fue conducida por el juez Miguel Aranda y cont\u00f3 con la presencia por videoconferencia del Fiscal Carlos Amad. Durante el proceso, los referentes de la guardia Wasek fueron patrocinados por Kevin Nielsen y Paulo Pereyra, abogados de la Secretar\u00eda de Derechos Humanos y G\u00e9neros.<\/p>\n\n\n\n<p>\u201cEs importante que la opini\u00f3n p\u00fablica conozca un acta de estas caracter\u00edsticas. Es hist\u00f3rica por su contenido y por ser aplicada por primera vez en el \u00e1mbito de una instancia judicial. Es un avance importante. El estado debe generar las condiciones para generar mecanismos de conciliaci\u00f3n y acuerdo, y este es un gran paso\u201d, asegur\u00f3 el mandatario provincial<\/p>\n\n\n\n<p>El acuerdo alcanzado tras la audiencia conciliatoria prev\u00e9 una serie de medidas conformes a los art\u00edculos 22 y 34 del C\u00f3digo Procesal Penal de la Naci\u00f3n. Implica, por parte de la guardia comunitaria, la entrega de uniformes, el cese de utilizaci\u00f3n de todo tipo de armas y la no realizaci\u00f3n de retenes y todo acto que sea propio de las competencias policiales.<\/p>\n\n\n\n<p>La secretaria de Derechos Humanos, Silvana P\u00e9rez, explic\u00f3 que \u201cla importancia de este avance en materia de ampliaci\u00f3n de derechos se da en el marco del nuevo c\u00f3digo procesal federal\u201d. \u201cDe esta manera se abren instancias de resoluci\u00f3n de conflictos, pudiendo dar voz a las comunidades, en pleno respeto del derecho de los pueblos ind\u00edgenas\u201d, ampli\u00f3.<\/p>\n\n\n\n<p>Capitanich destac\u00f3 que, de esta manera, \u201cnadie pone en duda el ejercicio de la Constituci\u00f3n provincial y nacional y las leyes, ni el monopolio del poder de polic\u00eda por parte del Estado\u201d. \u201cMe parece importante el acceso a la justicia y poder generar medidas que les permitan ser parte activa de las denuncias de delitos de contrabando y tr\u00e1fico de estupefacientes\u201d, expres\u00f3.<\/p>\n\n\n\n<p>Por su parte, el gobierno provincial se comprometi\u00f3 a la concreci\u00f3n de pol\u00edticas p\u00fablicas focalizadas para garantizar el pleno goce de los derechos sin discriminaci\u00f3n alguna, entre las que se encuentran: el refuerzo en la seguridad por parte de la polic\u00eda de la provincia del Chaco, la articulaci\u00f3n para apertura de una delegaci\u00f3n de la gendarmer\u00eda nacional argentina con perfiles adecuados y con di\u00e1logo con las comunidades, la apertura de una Centro de Acceso a la Justicia (CAJ) y de una delegaci\u00f3n de la Secretar\u00eda de Derechos Humanos y G\u00e9neros de la Provincia, entre otras medidas promueven el desarrollo de la comunidad en un plano de armon\u00eda.<\/p>\n","protected":false},"excerpt":{"rendered":"<p>El acuerdo, refrendado por todas las partes tras una audiencia en S\u00e1enz Pe\u00f1a, establece que el Ejecutivo desiste de todo inter\u00e9s en la persecuci\u00f3n penal de la organizaci\u00f3n, mientras que \u00e9sta se compromete a reconvertirse en una guardia ambiental. La audiencia fue conducida por el juez Miguel Aranda y cont\u00f3 con la presencia por videoconferencia &hellip;<\/p>\n","protected":false},"author":2,"featured_media":6632,"comment_status":"open","ping_status":"open","sticky":false,"template":"","format":"standard","meta":{"_jetpack_memberships_contains_paid_content":false,"footnotes":"","jetpack_publicize_message":"","jetpack_publicize_feature_enabled":true,"jetpack_social_post_already_shared":true,"jetpack_social_options":{"image_generator_settings":{"template":"highway","default_image_id":0,"font":"","enabled":false},"version":2}},"categories":[5,42,14],"tags":[],"class_list":["post-6631","post","type-post","status-publish","format-standard","has-post-thumbnail","hentry","category-chaco","category-interior","category-politica"],"jetpack_publicize_connections":[],"jetpack_featured_media_url":"https:\/\/portalmovil.com.ar\/wp-content\/uploads\/2020\/05\/c22d4860-92e1-44ca-9c70-ae046ac44cbf.jpg","jetpack_sharing_enabled":true,"amp_enabled":true,"_links":{"self":[{"href":"https:\/\/portalmovil.com.ar\/index.php\/wp-json\/wp\/v2\/posts\/6631","targetHints":{"allow":["GET"]}}],"collection":[{"href":"https:\/\/portalmovil.com.ar\/index.php\/wp-json\/wp\/v2\/posts"}],"about":[{"href":"https:\/\/portalmovil.com.ar\/index.php\/wp-json\/wp\/v2\/types\/post"}],"author":[{"embeddable":true,"href":"https:\/\/portalmovil.com.ar\/index.php\/wp-json\/wp\/v2\/users\/2"}],"replies":[{"embeddable":true,"href":"https:\/\/portalmovil.com.ar\/index.php\/wp-json\/wp\/v2\/comments?post=6631"}],"version-history":[{"count":1,"href":"https:\/\/portalmovil.com.ar\/index.php\/wp-json\/wp\/v2\/posts\/6631\/revisions"}],"predecessor-version":[{"id":6633,"href":"https:\/\/portalmovil.com.ar\/index.php\/wp-json\/wp\/v2\/posts\/6631\/revisions\/6633"}],"wp:featuredmedia":[{"embeddable":true,"href":"https:\/\/portalmovil.com.ar\/index.php\/wp-json\/wp\/v2\/media\/6632"}],"wp:attachment":[{"href":"https:\/\/portalmovil.com.ar\/index.php\/wp-json\/wp\/v2\/media?parent=6631"}],"wp:term":[{"taxonomy":"category","embeddable":true,"href":"https:\/\/portalmovil.com.ar\/index.php\/wp-json\/wp\/v2\/categories?post=6631"},{"taxonomy":"post_tag","embeddable":true,"href":"https:\/\/portalmovil.com.ar\/index.php\/wp-json\/wp\/v2\/tags?post=6631"}],"curies":[{"name":"wp","href":"https:\/\/api.w.org\/{rel}","templated":true}]}}