{"id":66218,"date":"2022-11-10T13:23:32","date_gmt":"2022-11-10T16:23:32","guid":{"rendered":"https:\/\/portalmovil.com.ar\/?p=66218"},"modified":"2022-11-10T13:24:39","modified_gmt":"2022-11-10T16:24:39","slug":"horacio-rodriguez-larreta-pidio-por-una-reforma-laboral","status":"publish","type":"post","link":"https:\/\/portalmovil.com.ar\/index.php\/2022\/11\/10\/horacio-rodriguez-larreta-pidio-por-una-reforma-laboral\/","title":{"rendered":"Horacio Rodr\u00edguez Larreta pidi\u00f3 por una reforma laboral"},"content":{"rendered":"\n<p>El jefe de Gobierno de la Ciudad,\u00a0Horacio Rodr\u00edguez Larreta, exigi\u00f3 una<strong>\u00a0reforma laboral ante\u00a0empresarios y dirigentes\u00a0del sector privado<\/strong>\u00a0en el marco de la 28\u00b0 Conferencia Industrial de la\u00a0<strong>Uni\u00f3n Industrial Argentina<\/strong>\u00a0(UIA).<\/p>\n\n\n\n<p><strong>\u00abHay que actualizar la legislaci\u00f3n laboral, no sigamos atados a lo pol\u00edticamente correcto, hay terminar con la industria de los juicios\u00bb<\/strong>, marc\u00f3.<\/p>\n\n\n\n<p>En ese sentido, apunt\u00f3 contra las \u00ablas extorsiones sindicales\u00bb, as\u00ed como tambi\u00e9n contra \u00abla volatilidad macroecon\u00f3mica y las legislaciones burocr\u00e1ticas\u00bb.<\/p>\n\n\n\n<p>Sobre el escenario productivo de la Argentina, el mandatario critic\u00f3 la pol\u00edtica cambiaria, impositiva y de importaciones del Gobierno del Frente de Todos.<\/p>\n\n\n\n<p><strong>\u00abSiete de cada 10 de las empresas tienen dificultades para abastecerse\u00bb<\/strong>, manifest\u00f3.<\/p>\n\n\n\n<p>Bajo el lema \u00abreconfiguraci\u00f3n global y oportunidades para las cadenas de valor argentina\u00bb, el panel de apertura del evento cont\u00f3 con la presencia de Rodr\u00edguez Larreta, que fue acompa\u00f1ado en el escenario por el presidente de la UAI, Daniel Funes de Rioja; la presidenta Joven de la 28\u00b0 Conferencia Industrial, Silvana Roitman; y el presidente de la 28\u00b0 Conferencia Industrial, Isa\u00edas Drajer.<\/p>\n\n\n\n<p><strong>\u00abLa presi\u00f3n impositiva es una de las m\u00e1s altas de Am\u00e9rica Latina, la complejidad de impuestos nacionales, provinciales y municipales son distorsivos para promover la producci\u00f3n\u00bb<\/strong>, expres\u00f3.<\/p>\n\n\n\n<p>Adem\u00e1s, calific\u00f3 a la Argentina como \u00abun pa\u00eds cerrado\u00bb e insisti\u00f3 con sus cuestionamientos sobre el mercado del empleo al indicar que \u00abla legislaci\u00f3n laboral actual hace que un 40 por ciento de los trabajadores sean informales\u00bb.<\/p>\n\n\n\n<h4 class=\"wp-block-heading\"><strong>Cr\u00edticas al \u00abasistencialismo cr\u00f3nico\u00bb<\/strong><\/h4>\n\n\n\n<p>El funcionario carg\u00f3<strong>&nbsp;contra la distribuci\u00f3n del gasto p\u00fablico<\/strong>&nbsp;en funci\u00f3n del \u00abasistencialismo cr\u00f3nico\u00bb.<\/p>\n\n\n\n<p>Al respecto, dijo que&nbsp;<strong>el Estado \u00abdebe atender la urgencia social\u00bb pero \u00absin m\u00e1s intermediarios\u00bb<\/strong>, ya que asegur\u00f3 que, hoy,&nbsp;<strong>los programas sociales \u00abest\u00e1n privatizados por organizaciones sociales que nadie vot\u00f3\u00bb.<\/strong><\/p>\n\n\n\n<p>Tambi\u00e9n pidi\u00f3 ajustar la pol\u00edtica educativa a las demandas del mercado laboral, porque \u00absin escuelas no hay trabajadores ni t\u00e9cnicos que puedan nutrir las industrias como esperan que crecer\u00bb. Frente a este panorama, halag\u00f3 a los empresarios y c\u00e1maras patronales presentes, a los que describi\u00f3 como \u00abh\u00e9roes\u00bb y pidi\u00f3 un aplauso porque \u00absiguen insistiendo, produciendo, haciendo el esfuerzo\u00bb.<\/p>\n\n\n\n<p>En tanto, en la semana en donde<strong>&nbsp;los dirigentes del PRO y de Juntos por el Cambio<\/strong>&nbsp;se reunieron para contener disputas internas, Rodr\u00edguez Larreta asegur\u00f3 que&nbsp;<strong>\u00abno hay margen para el vamos viendo\u00bb en 2023<\/strong>&nbsp;y que el Gbierno que asuma deber\u00e1 hacer un trabajo \u00abde 100 horas\u00bb por d\u00eda.<\/p>\n\n\n\n<p>\u00abLa transformaci\u00f3n y el cambio no pueden esperar. No hay que tomar todas las medidas en el primer minuto, pero s\u00ed ser claros desde el principio\u00bb, expres\u00f3.<\/p>\n","protected":false},"excerpt":{"rendered":"<p>El jefe de Gobierno de la Ciudad,\u00a0Horacio Rodr\u00edguez Larreta, exigi\u00f3 una\u00a0reforma laboral ante\u00a0empresarios y dirigentes\u00a0del sector privado\u00a0en el marco de la 28\u00b0 Conferencia Industrial de la\u00a0Uni\u00f3n Industrial Argentina\u00a0(UIA). \u00abHay que actualizar la legislaci\u00f3n laboral, no sigamos atados a lo pol\u00edticamente correcto, hay terminar con la industria de los juicios\u00bb, marc\u00f3. En ese sentido, apunt\u00f3 contra &hellip;<\/p>\n","protected":false},"author":2,"featured_media":66219,"comment_status":"open","ping_status":"open","sticky":false,"template":"","format":"standard","meta":{"_jetpack_memberships_contains_paid_content":false,"footnotes":"","jetpack_publicize_message":"","jetpack_publicize_feature_enabled":true,"jetpack_social_post_already_shared":true,"jetpack_social_options":{"image_generator_settings":{"template":"highway","default_image_id":0,"font":"","enabled":false},"version":2}},"categories":[639,14],"tags":[],"class_list":["post-66218","post","type-post","status-publish","format-standard","has-post-thumbnail","hentry","category-argentina","category-politica"],"jetpack_publicize_connections":[],"jetpack_featured_media_url":"https:\/\/portalmovil.com.ar\/wp-content\/uploads\/2022\/11\/7c0a8aa2-0a8f-498d-a2c8-bd5dac128db9.jpg","jetpack_sharing_enabled":true,"amp_enabled":true,"_links":{"self":[{"href":"https:\/\/portalmovil.com.ar\/index.php\/wp-json\/wp\/v2\/posts\/66218","targetHints":{"allow":["GET"]}}],"collection":[{"href":"https:\/\/portalmovil.com.ar\/index.php\/wp-json\/wp\/v2\/posts"}],"about":[{"href":"https:\/\/portalmovil.com.ar\/index.php\/wp-json\/wp\/v2\/types\/post"}],"author":[{"embeddable":true,"href":"https:\/\/portalmovil.com.ar\/index.php\/wp-json\/wp\/v2\/users\/2"}],"replies":[{"embeddable":true,"href":"https:\/\/portalmovil.com.ar\/index.php\/wp-json\/wp\/v2\/comments?post=66218"}],"version-history":[{"count":2,"href":"https:\/\/portalmovil.com.ar\/index.php\/wp-json\/wp\/v2\/posts\/66218\/revisions"}],"predecessor-version":[{"id":66221,"href":"https:\/\/portalmovil.com.ar\/index.php\/wp-json\/wp\/v2\/posts\/66218\/revisions\/66221"}],"wp:featuredmedia":[{"embeddable":true,"href":"https:\/\/portalmovil.com.ar\/index.php\/wp-json\/wp\/v2\/media\/66219"}],"wp:attachment":[{"href":"https:\/\/portalmovil.com.ar\/index.php\/wp-json\/wp\/v2\/media?parent=66218"}],"wp:term":[{"taxonomy":"category","embeddable":true,"href":"https:\/\/portalmovil.com.ar\/index.php\/wp-json\/wp\/v2\/categories?post=66218"},{"taxonomy":"post_tag","embeddable":true,"href":"https:\/\/portalmovil.com.ar\/index.php\/wp-json\/wp\/v2\/tags?post=66218"}],"curies":[{"name":"wp","href":"https:\/\/api.w.org\/{rel}","templated":true}]}}