{"id":66210,"date":"2022-11-10T11:33:48","date_gmt":"2022-11-10T14:33:48","guid":{"rendered":"https:\/\/portalmovil.com.ar\/?p=66210"},"modified":"2022-11-10T11:33:51","modified_gmt":"2022-11-10T14:33:51","slug":"atentado-contra-cfk-la-vicepresidenta-anuncio-que-recusara-a-la-jueza","status":"publish","type":"post","link":"https:\/\/portalmovil.com.ar\/index.php\/2022\/11\/10\/atentado-contra-cfk-la-vicepresidenta-anuncio-que-recusara-a-la-jueza\/","title":{"rendered":"Atentado contra CFK: la vicepresidenta anunci\u00f3 que recusar\u00e1 a la jueza"},"content":{"rendered":"\n<p class=\"wp-block-paragraph\">La vicepresidenta Cristina Fern\u00e1ndez de Kirchner anunci\u00f3 que recusar\u00e1 a la jueza federal Mar\u00eda Eugenia Capuchetti, que instruye en la causa que se sigue por el intento de asesinato que sufri\u00f3 el pasado 1 de septiembre.<\/p>\n\n\n\n<p class=\"wp-block-paragraph\">\u00abQuiero compartir con ustedes el siguiente video. A ra\u00edz de los hechos que van a ver y escuchar, he instruido a mis abogados a recusar a la jueza Mar\u00eda Eugenia Capuchetti\u00bb, se\u00f1al\u00f3 Cristina Fern\u00e1ndez de Kirchner en un mensaje publicado en Twitter, acompa\u00f1ado por un material audiovisual de m\u00e1s de tres minutos en el que se detallan las alternativas del caso y las irregularidades que, seg\u00fan la querella de la Vicepresidenta, cometi\u00f3 la magistrada en la investigaci\u00f3n.<\/p>\n\n\n\n<figure class=\"wp-block-embed is-type-rich is-provider-twitter wp-block-embed-twitter\"><div class=\"wp-block-embed__wrapper\">\n<div class=\"embed-twitter\"><blockquote class=\"twitter-tweet\" data-width=\"500\" data-dnt=\"true\"><p lang=\"es\" dir=\"ltr\">Quiero compartir con ustedes el siguiente video. A ra\u00edz de los hechos que van a ver y escuchar, he instruido a mis abogados a recusar a la jueza Mar\u00eda Eugenia Capuchetti. <a href=\"https:\/\/t.co\/LiLka92Mm3\">pic.twitter.com\/LiLka92Mm3<\/a><\/p>&mdash; Cristina Kirchner (@CFKArgentina) <a href=\"https:\/\/twitter.com\/CFKArgentina\/status\/1590660542292803590?ref_src=twsrc%5Etfw\">November 10, 2022<\/a><\/blockquote><script async src=\"https:\/\/platform.twitter.com\/widgets.js\" charset=\"utf-8\"><\/script><\/div>\n<\/div><\/figure>\n","protected":false},"excerpt":{"rendered":"<p>La vicepresidenta Cristina Fern\u00e1ndez de Kirchner anunci\u00f3 que recusar\u00e1 a la jueza federal Mar\u00eda Eugenia Capuchetti, que instruye en la causa que se sigue por el intento de asesinato que sufri\u00f3 el pasado 1 de septiembre. \u00abQuiero compartir con ustedes el siguiente video. A ra\u00edz de los hechos que van a ver y escuchar, he &hellip;<\/p>\n","protected":false},"author":2,"featured_media":66211,"comment_status":"open","ping_status":"open","sticky":false,"template":"","format":"standard","meta":{"_jetpack_newsletter_access":"","_jetpack_dont_email_post_to_subs":false,"_jetpack_newsletter_tier_id":0,"_jetpack_memberships_contains_paywalled_content":false,"_jetpack_feature_clip_id":0,"_jetpack_memberships_contains_paid_content":false,"footnotes":"","jetpack_publicize_message":"","jetpack_publicize_feature_enabled":true,"jetpack_social_post_already_shared":true,"jetpack_social_options":{"image_generator_settings":{"template":"highway","default_image_id":0,"font":"","enabled":false},"version":2},"jetpack_post_was_ever_published":false},"categories":[639,50],"tags":[],"class_list":["post-66210","post","type-post","status-publish","format-standard","has-post-thumbnail","hentry","category-argentina","category-judiciales"],"jetpack_publicize_connections":[],"jetpack_sharing_enabled":true,"amp_enabled":true,"jetpack_featured_media_url":"https:\/\/portalmovil.com.ar\/wp-content\/uploads\/2022\/11\/atentado-CFK-1.jpg","_links":{"self":[{"href":"https:\/\/portalmovil.com.ar\/index.php\/wp-json\/wp\/v2\/posts\/66210","targetHints":{"allow":["GET"]}}],"collection":[{"href":"https:\/\/portalmovil.com.ar\/index.php\/wp-json\/wp\/v2\/posts"}],"about":[{"href":"https:\/\/portalmovil.com.ar\/index.php\/wp-json\/wp\/v2\/types\/post"}],"author":[{"embeddable":true,"href":"https:\/\/portalmovil.com.ar\/index.php\/wp-json\/wp\/v2\/users\/2"}],"replies":[{"embeddable":true,"href":"https:\/\/portalmovil.com.ar\/index.php\/wp-json\/wp\/v2\/comments?post=66210"}],"version-history":[{"count":1,"href":"https:\/\/portalmovil.com.ar\/index.php\/wp-json\/wp\/v2\/posts\/66210\/revisions"}],"predecessor-version":[{"id":66212,"href":"https:\/\/portalmovil.com.ar\/index.php\/wp-json\/wp\/v2\/posts\/66210\/revisions\/66212"}],"wp:featuredmedia":[{"embeddable":true,"href":"https:\/\/portalmovil.com.ar\/index.php\/wp-json\/wp\/v2\/media\/66211"}],"wp:attachment":[{"href":"https:\/\/portalmovil.com.ar\/index.php\/wp-json\/wp\/v2\/media?parent=66210"}],"wp:term":[{"taxonomy":"category","embeddable":true,"href":"https:\/\/portalmovil.com.ar\/index.php\/wp-json\/wp\/v2\/categories?post=66210"},{"taxonomy":"post_tag","embeddable":true,"href":"https:\/\/portalmovil.com.ar\/index.php\/wp-json\/wp\/v2\/tags?post=66210"}],"curies":[{"name":"wp","href":"https:\/\/api.w.org\/{rel}","templated":true}]}}