{"id":6619,"date":"2020-05-19T13:28:50","date_gmt":"2020-05-19T16:28:50","guid":{"rendered":"http:\/\/portalmovil.com.ar\/?p=6619"},"modified":"2020-05-19T13:28:56","modified_gmt":"2020-05-19T16:28:56","slug":"capitanich-entrego-viviendas-y-destaco-la-reactivacion-de-obras-en-la-provincia","status":"publish","type":"post","link":"https:\/\/portalmovil.com.ar\/index.php\/2020\/05\/19\/capitanich-entrego-viviendas-y-destaco-la-reactivacion-de-obras-en-la-provincia\/","title":{"rendered":"Capitanich entreg\u00f3 viviendas y destac\u00f3 la reactivaci\u00f3n de obras en la provincia"},"content":{"rendered":"\n<p>El gobernador Jorge Capitanich y la vicegobernadora Anal\u00eda Rach Quiroga entregaron viviendas en la ciudad de Resistencia este martes. Se trata de nueve casas de 25 que componen la obra. En la oportunidad, el mandatario destac\u00f3 la importancia econ\u00f3mica de la construcci\u00f3n y el rol fundamental en la reactivaci\u00f3n econ\u00f3mica y de la necesidad de fortalecer las cadenas de valor chaque\u00f1as. En total, la obra tuvo un monto de inversi\u00f3n de $16.405.686,75 y se encuadran en el Programa Federal de Construcci\u00f3n de Viviendas \u201cTecho Digno\u201d.<\/p>\n\n\n\n<p>\u201cLa provincia tiene un plan de infraestructura p\u00fablica que entre 2020 y 2023 equivale a m\u00e1s de 65 mil millones de pesos de distintas fuentes de financiamiento, que no solo consolidan la infraestructura social b\u00e1sica, sino que son una fuente de reactivaci\u00f3n econ\u00f3mica a trav\u00e9s de la producci\u00f3n chaque\u00f1a de bienes intermedios e insumos y que generan un impacto y oportunidades de empleo\u201d, asegur\u00f3 Capitanich.<\/p>\n\n\n\n<p>Las viviendas, son parte del programa de reactivaci\u00f3n que comprende a m\u00e1s de 800 unidades habitacionales. Capitanich manifest\u00f3 su preocupaci\u00f3n sobre el nivel de demanda habitacional en la provincia: \u201cafrontar esta situaci\u00f3n requiere de mecanismos de intervenci\u00f3n en materia de ampliaci\u00f3n, refacci\u00f3n, construcci\u00f3n y acceso a cr\u00e9ditos hipotecarios en condiciones flexibles para viviendas\u201d.<\/p>\n\n\n\n<p>Al mismo tiempo, asegur\u00f3 que el objetivo es reactivar toda la cadena de valor que exige la industria de la construcci\u00f3n tanto p\u00fablica como privada. El gobernador asegur\u00f3 que la reactivaci\u00f3n de obras de construcci\u00f3n ser\u00e1 un shock de reactivaci\u00f3n para una econom\u00eda golpeada por el cuadro recesivo preexistente y el impacto de la pandemia.<\/p>\n\n\n\n<p>\u201cLa construcci\u00f3n tiene un efecto multiplicador. Es un \u00e1rea que conlleva una matriz de insumo producto de base argentina, que no requiere divisas. El gran problema de la econom\u00eda del pa\u00eds es la insuficiencia de divisas y el no acceso al mercado financiero internacional para financiamiento, entonces hay que lograr que todos los sectores puedan ponerse en marcha, generando insumo y trabajo local\u201d, finaliz\u00f3.<\/p>\n\n\n\n<h3 class=\"wp-block-heading\">Acceso a un techo digno, un derecho para las y los chaque\u00f1os<\/h3>\n\n\n\n<p>El titular del Instituto de Desarrollo Urbano y Viviendas Diego Ar\u00e9valo expres\u00f3 que la entrega permite cumplir un sue\u00f1o a nueve familias que hoy cuentan con la posibilidad de tener una vivienda despu\u00e9s de mucho tiempo de espera. \u201cHay m\u00e1s de 2084 viviendas paralizadas por distintos motivos, el gran desaf\u00edo es trabajar para terminarlas y que m\u00e1s chaque\u00f1os y chaque\u00f1as puedan acceder a una vivienda digna como parte de la construcci\u00f3n de una sociedad m\u00e1s justa\u201d, dijo.<\/p>\n\n\n\n<p>Al mismo tiempo, se refiri\u00f3 a la reactivaci\u00f3n de 800 viviendas asegurando que en los pr\u00f3ximos meses se prev\u00e9 ejecutar m\u00e1s de 400 viviendas de este programa. \u201cEstamos analizando distintas operatorias como por ejemplo cr\u00e9ditos para refacciones, algo que estamos trabajando con el Nuevo Banco del Chaco, cr\u00e9ditos hipotecarios desde el instituto para personas que ya cuenten con terreno, adquisici\u00f3n de tierra con el planteo de lotes con servicios que garantice el acceso al suelo urbano y la planificaci\u00f3n de las ciudades\u201d, explic\u00f3 el funcionario.<\/p>\n\n\n\n<p>Por \u00faltimo, se refiri\u00f3 a la importancia del pago de cuotas de las viviendas para lo que se est\u00e1n trabajando distintos planes y medios. \u201cEs un compromiso de doble v\u00eda, el de un estado que va generando oportunidad de vivienda y la necesidad de que ese compromiso vuelva porque hay muchas otras familias chaque\u00f1as que a\u00fan esperan su casa propia. Esto forma parte de la solidaridad que tenemos que trabajar como sociedad, sabiendo que cada cuota que se paga, cada peso, es una soluci\u00f3n habitacional m\u00e1s que se genera para otra familia\u201d, finaliz\u00f3.<\/p>\n\n\n\n<p>De las 25 viviendas, 13 fueron entregadas los primeros d\u00edas de diciembre de 2019. Hoy se adjudican nueve y las tres restantes se encuentran en etapa de ejecuci\u00f3n. Cuentan con una superficie total de 54,5 metros cuadrados, y dos dormitorios. Poseen infraestructura frentista que se compone de conexi\u00f3n el\u00e9ctrica domiciliaria, red peatonal, vehicular, desag\u00fces pluviales y red de agua potable. En las pr\u00f3ximas semanas se construir\u00e1 la infraestructura complementaria de nexo con la red el\u00e9ctrica y agua potable.<\/p>\n","protected":false},"excerpt":{"rendered":"<p>El gobernador Jorge Capitanich y la vicegobernadora Anal\u00eda Rach Quiroga entregaron viviendas en la ciudad de Resistencia este martes. Se trata de nueve casas de 25 que componen la obra. En la oportunidad, el mandatario destac\u00f3 la importancia econ\u00f3mica de la construcci\u00f3n y el rol fundamental en la reactivaci\u00f3n econ\u00f3mica y de la necesidad de &hellip;<\/p>\n","protected":false},"author":2,"featured_media":6620,"comment_status":"open","ping_status":"open","sticky":false,"template":"","format":"standard","meta":{"_jetpack_memberships_contains_paid_content":false,"footnotes":"","jetpack_publicize_message":"","jetpack_publicize_feature_enabled":true,"jetpack_social_post_already_shared":true,"jetpack_social_options":{"image_generator_settings":{"template":"highway","default_image_id":0,"font":"","enabled":false},"version":2}},"categories":[5,14],"tags":[],"class_list":["post-6619","post","type-post","status-publish","format-standard","has-post-thumbnail","hentry","category-chaco","category-politica"],"jetpack_publicize_connections":[],"jetpack_featured_media_url":"https:\/\/portalmovil.com.ar\/wp-content\/uploads\/2020\/05\/a91c29c9-0ad2-4f07-9e69-50927488d38f.jpg","jetpack_sharing_enabled":true,"amp_enabled":true,"_links":{"self":[{"href":"https:\/\/portalmovil.com.ar\/index.php\/wp-json\/wp\/v2\/posts\/6619","targetHints":{"allow":["GET"]}}],"collection":[{"href":"https:\/\/portalmovil.com.ar\/index.php\/wp-json\/wp\/v2\/posts"}],"about":[{"href":"https:\/\/portalmovil.com.ar\/index.php\/wp-json\/wp\/v2\/types\/post"}],"author":[{"embeddable":true,"href":"https:\/\/portalmovil.com.ar\/index.php\/wp-json\/wp\/v2\/users\/2"}],"replies":[{"embeddable":true,"href":"https:\/\/portalmovil.com.ar\/index.php\/wp-json\/wp\/v2\/comments?post=6619"}],"version-history":[{"count":1,"href":"https:\/\/portalmovil.com.ar\/index.php\/wp-json\/wp\/v2\/posts\/6619\/revisions"}],"predecessor-version":[{"id":6621,"href":"https:\/\/portalmovil.com.ar\/index.php\/wp-json\/wp\/v2\/posts\/6619\/revisions\/6621"}],"wp:featuredmedia":[{"embeddable":true,"href":"https:\/\/portalmovil.com.ar\/index.php\/wp-json\/wp\/v2\/media\/6620"}],"wp:attachment":[{"href":"https:\/\/portalmovil.com.ar\/index.php\/wp-json\/wp\/v2\/media?parent=6619"}],"wp:term":[{"taxonomy":"category","embeddable":true,"href":"https:\/\/portalmovil.com.ar\/index.php\/wp-json\/wp\/v2\/categories?post=6619"},{"taxonomy":"post_tag","embeddable":true,"href":"https:\/\/portalmovil.com.ar\/index.php\/wp-json\/wp\/v2\/tags?post=6619"}],"curies":[{"name":"wp","href":"https:\/\/api.w.org\/{rel}","templated":true}]}}