{"id":66054,"date":"2022-11-07T14:56:37","date_gmt":"2022-11-07T17:56:37","guid":{"rendered":"https:\/\/portalmovil.com.ar\/?p=66054"},"modified":"2022-11-07T14:56:39","modified_gmt":"2022-11-07T17:56:39","slug":"se-crearan-cinco-nuevas-lineas-de-colectivos-para-el-gran-resistencia","status":"publish","type":"post","link":"https:\/\/portalmovil.com.ar\/index.php\/2022\/11\/07\/se-crearan-cinco-nuevas-lineas-de-colectivos-para-el-gran-resistencia\/","title":{"rendered":"Se crear\u00e1n cinco nuevas l\u00edneas de colectivos para el Gran Resistencia"},"content":{"rendered":"\n<p>Tras la licitaci\u00f3n del Sistema Integrado de Transporte del \u00c1rea Metropolitana (SITAM), el Ministerio de Planificaci\u00f3n, Econom\u00eda e Infraestructura brinda detalles sobre la incorporaci\u00f3n de las nuevas l\u00edneas de colectivos que permitir\u00e1n ampliar la cobertura del servicio del transporte p\u00fablico. Se trata de la creaci\u00f3n de las l\u00edneas 203, 204, 205, 206 y 207 que conectar\u00e1n de forma directa Fontana con Barranqueras y Barranqueras con Puerto Vilelas adem\u00e1s de incluir nuevos recorridos en las zonas Sur y Norte de Resistencia.<\/p>\n\n\n\n<figure class=\"wp-block-image size-full\"><img loading=\"lazy\" decoding=\"async\" width=\"696\" height=\"351\" src=\"https:\/\/portalmovil.com.ar\/wp-content\/uploads\/2022\/11\/c62691be43bae698019aac5b6d07ff55-696x351-1.jpg\" alt=\"\" class=\"wp-image-66055\" srcset=\"https:\/\/portalmovil.com.ar\/wp-content\/uploads\/2022\/11\/c62691be43bae698019aac5b6d07ff55-696x351-1.jpg 696w, https:\/\/portalmovil.com.ar\/wp-content\/uploads\/2022\/11\/c62691be43bae698019aac5b6d07ff55-696x351-1-300x151.jpg 300w\" sizes=\"auto, (max-width: 696px) 100vw, 696px\" \/><\/figure>\n\n\n\n<p>Esto permitir\u00e1 incrementar en un 30% los kil\u00f3metros recorridos y llegar a un 20% m\u00e1s de usuarias y usuarios con el servicio, es decir cerca de 10.000 personas m\u00e1s. \u00abEl crecimiento demogr\u00e1fico en los \u00faltimos a\u00f1os en el \u00e1rea Metropolitana nos demanda acciones concretas, como Estado entendemos que debemos garantizar a todas las personas el acceso a servicios de igual calidad, residan en el casco c\u00e9ntrico o en las zonas m\u00e1s alejadas\u00bb manifest\u00f3 el ministro de Planificaci\u00f3n, Econom\u00eda e Infraestructura Santiago P\u00e9rez Pons.<\/p>\n\n\n\n<p>Estas incorporaciones permitir\u00e1n mejorar las v\u00edas troncales y alternativas, el acceso a m\u00e1s barrios y conexiones, complementandose a las l\u00edneas ya existentes. Las mismas se definieron tras un estudio realizado desde la Subsecretar\u00eda de Transporte de la Provincia en cuanto a la demanda creciente de la poblaci\u00f3n y sus deseos de viaje.<\/p>\n\n\n\n<p>La l\u00ednea 203 tendr\u00e1 su origen en la intersecci\u00f3n de la avenida General San Mart\u00edn y la avenida Maip\u00fa en Barranqueras y concluir\u00e1 en Avenida San Mart\u00edn y Avellaneda en Puerto Vilelas, generando la conexi\u00f3n directa entre ambas localidades.<\/p>\n\n\n\n<p>Por su parte, la l\u00ednea 204 unir\u00e1 Barranqueras y Fontana, dado que iniciar\u00e1 su trayecto en avenida Maip\u00fa y avenida Gaboto de Barranqueras y tendr\u00e1 su fin en avenida 25 de Mayo y avenida General San Mart\u00edn en Fontana pasando en su camino por la zona c\u00e9ntrica de Resistencia.<\/p>\n\n\n\n<p>La l\u00ednea 205 comienza el recorrido en avenida Urquiza y avenida Soberan\u00eda Nacional, en la zona Sur de Resistencia, tomar\u00eda en un trecho la avenida Castelli y culminar\u00eda en avenida San Mart\u00edn y avenida 25 de mayo en Fontana.<\/p>\n\n\n\n<p>En tanto, la nueva l\u00ednea 206 unir\u00e1 Barranqueras con la zona Norte de Resistencia. Iniciar\u00e1 en avenida Maip\u00fa y avenida Gaboto y termina su recorrido en las calles Puerto Velaz y Margarita Bel\u00e9n, pasando por avenida 9 de julio y avenida 25 de mayo en el centro de Resistencia.<\/p>\n\n\n\n<p>Por \u00faltimo, la l\u00ednea 207 ir\u00e1 desde avenida General San Mart\u00edn y avenida Maip\u00fa de Barranqueras hasta avenida 25 de mayo y San Mart\u00edn en Fontana, pasando por avenidas Soberan\u00eda y avenida Islas Malvinas alcanzando el servicio a pasajeras y pasajeros de la zona Sur de Resistencia en su trayectoria.<\/p>\n","protected":false},"excerpt":{"rendered":"<p>Tras la licitaci\u00f3n del Sistema Integrado de Transporte del \u00c1rea Metropolitana (SITAM), el Ministerio de Planificaci\u00f3n, Econom\u00eda e Infraestructura brinda detalles sobre la incorporaci\u00f3n de las nuevas l\u00edneas de colectivos que permitir\u00e1n ampliar la cobertura del servicio del transporte p\u00fablico. Se trata de la creaci\u00f3n de las l\u00edneas 203, 204, 205, 206 y 207 que &hellip;<\/p>\n","protected":false},"author":2,"featured_media":66056,"comment_status":"open","ping_status":"open","sticky":false,"template":"","format":"standard","meta":{"_jetpack_memberships_contains_paid_content":false,"footnotes":"","jetpack_publicize_message":"","jetpack_publicize_feature_enabled":true,"jetpack_social_post_already_shared":true,"jetpack_social_options":{"image_generator_settings":{"template":"highway","default_image_id":0,"font":"","enabled":false},"version":2}},"categories":[5,14],"tags":[],"class_list":["post-66054","post","type-post","status-publish","format-standard","has-post-thumbnail","hentry","category-chaco","category-politica"],"jetpack_publicize_connections":[],"jetpack_featured_media_url":"https:\/\/portalmovil.com.ar\/wp-content\/uploads\/2022\/11\/Resistencia-sin-colectivos-por-un-paro-de-la-UTA-hasta-cuando-se-extenderia-la-medida-1-696x460-1.jpg","jetpack_sharing_enabled":true,"amp_enabled":true,"_links":{"self":[{"href":"https:\/\/portalmovil.com.ar\/index.php\/wp-json\/wp\/v2\/posts\/66054","targetHints":{"allow":["GET"]}}],"collection":[{"href":"https:\/\/portalmovil.com.ar\/index.php\/wp-json\/wp\/v2\/posts"}],"about":[{"href":"https:\/\/portalmovil.com.ar\/index.php\/wp-json\/wp\/v2\/types\/post"}],"author":[{"embeddable":true,"href":"https:\/\/portalmovil.com.ar\/index.php\/wp-json\/wp\/v2\/users\/2"}],"replies":[{"embeddable":true,"href":"https:\/\/portalmovil.com.ar\/index.php\/wp-json\/wp\/v2\/comments?post=66054"}],"version-history":[{"count":2,"href":"https:\/\/portalmovil.com.ar\/index.php\/wp-json\/wp\/v2\/posts\/66054\/revisions"}],"predecessor-version":[{"id":66058,"href":"https:\/\/portalmovil.com.ar\/index.php\/wp-json\/wp\/v2\/posts\/66054\/revisions\/66058"}],"wp:featuredmedia":[{"embeddable":true,"href":"https:\/\/portalmovil.com.ar\/index.php\/wp-json\/wp\/v2\/media\/66056"}],"wp:attachment":[{"href":"https:\/\/portalmovil.com.ar\/index.php\/wp-json\/wp\/v2\/media?parent=66054"}],"wp:term":[{"taxonomy":"category","embeddable":true,"href":"https:\/\/portalmovil.com.ar\/index.php\/wp-json\/wp\/v2\/categories?post=66054"},{"taxonomy":"post_tag","embeddable":true,"href":"https:\/\/portalmovil.com.ar\/index.php\/wp-json\/wp\/v2\/tags?post=66054"}],"curies":[{"name":"wp","href":"https:\/\/api.w.org\/{rel}","templated":true}]}}