{"id":6605,"date":"2020-05-19T01:04:41","date_gmt":"2020-05-19T04:04:41","guid":{"rendered":"http:\/\/portalmovil.com.ar\/?p=6605"},"modified":"2020-05-19T01:04:45","modified_gmt":"2020-05-19T04:04:45","slug":"congelan-las-tarifas-de-internet-tv-y-telefonia","status":"publish","type":"post","link":"https:\/\/portalmovil.com.ar\/index.php\/2020\/05\/19\/congelan-las-tarifas-de-internet-tv-y-telefonia\/","title":{"rendered":"Congelan las tarifas de Internet, TV y telefon\u00eda"},"content":{"rendered":"\n<p>El presidente\u00a0Alberto Fern\u00e1ndez\u00a0se reuni\u00f3 con el titular del Ente Nacional de Comunicaciones (ENACOM), Claudio Ambrosini, quien le anunci\u00f3 un conjunto de medidas destinadas a los usuarios de servicios de telefon\u00eda m\u00f3vil y fija, Internet y TV paga en el marco de la\u00a0cuarentena\u00a0producto del coronavirus Covid-19.<\/p>\n\n\n\n<p>De este modo, el Gobierno decidi\u00f3 este lunes por la tarde, con acuerdo de las partes, una serie de medidas respecto a los servicios de\u00a0telefon\u00eda m\u00f3vil y fija, Internet y TV paga\u00a0con el objetivo de\u00a0suspender el alza en las tarifas hasta el 31 de agosto, con el objetivo de aliviar la situaci\u00f3n de los usuarios afectados por la cuarentena contra el coronavirus.<\/p>\n\n\n\n<p>Adem\u00e1s del congelamiento, se ponen a disposici\u00f3n\u00a0planes inclusivos de telefon\u00eda e Internet M\u00f3vil de pospago, de prepago m\u00f3vil y de Internet fijo\u00a0destinados a todas las personas que soliciten el beneficio, con un\u00a0precio fijo hasta el 31 de octubre. El objetivo de los mismos es que las personas que atraviesan dificultades econ\u00f3micas durante la cuarentena por el coronavirus puedan cambiarse de plan y acceder a un servicio que garantiza la conectividad a un precio accesible.<\/p>\n\n\n\n<figure class=\"wp-block-embed-youtube wp-block-embed is-type-video is-provider-youtube wp-embed-aspect-16-9 wp-has-aspect-ratio\"><div class=\"wp-block-embed__wrapper\">\n<iframe loading=\"lazy\" title=\"Telefon\u00eda m\u00f3vil y fija, internet y TV paga - Anuncio del titular del Enacom, Claudio Ambrosini\" width=\"500\" height=\"281\" src=\"https:\/\/www.youtube.com\/embed\/L5zSihVtpJI?feature=oembed\" frameborder=\"0\" allow=\"accelerometer; autoplay; clipboard-write; encrypted-media; gyroscope; picture-in-picture; web-share\" referrerpolicy=\"strict-origin-when-cross-origin\" allowfullscreen><\/iframe>\n<\/div><\/figure>\n\n\n\n<p>Como parte del acuerdo asumido,\u00a0las empresas prestadoras se comprometen a no realizar despidos durante el plazo de duraci\u00f3n del mismo.<\/p>\n\n\n\n<p>Este acuerdo se suma a las medidas dispuestas por el gobierno nacional para garantizar la conectividad y el pleno acceso a la informaci\u00f3n necesaria de toda la ciudadan\u00eda, motivo por el cual tecnolog\u00edas de la informaci\u00f3n y la comunicaci\u00f3n (TIC) fueron declaradas una actividad esencial en el marco de la pandemia.<\/p>\n","protected":false},"excerpt":{"rendered":"<p>El presidente\u00a0Alberto Fern\u00e1ndez\u00a0se reuni\u00f3 con el titular del Ente Nacional de Comunicaciones (ENACOM), Claudio Ambrosini, quien le anunci\u00f3 un conjunto de medidas destinadas a los usuarios de servicios de telefon\u00eda m\u00f3vil y fija, Internet y TV paga en el marco de la\u00a0cuarentena\u00a0producto del coronavirus Covid-19. De este modo, el Gobierno decidi\u00f3 este lunes por la &hellip;<\/p>\n","protected":false},"author":2,"featured_media":6606,"comment_status":"open","ping_status":"open","sticky":false,"template":"","format":"standard","meta":{"_jetpack_memberships_contains_paid_content":false,"footnotes":"","jetpack_publicize_message":"","jetpack_publicize_feature_enabled":true,"jetpack_social_post_already_shared":true,"jetpack_social_options":{"image_generator_settings":{"template":"highway","default_image_id":0,"font":"","enabled":false},"version":2}},"categories":[12],"tags":[],"class_list":["post-6605","post","type-post","status-publish","format-standard","has-post-thumbnail","hentry","category-ultimo"],"jetpack_publicize_connections":[],"jetpack_featured_media_url":"https:\/\/portalmovil.com.ar\/wp-content\/uploads\/2020\/05\/20200518204149_internet_telam_dos.jpg","jetpack_sharing_enabled":true,"amp_enabled":true,"_links":{"self":[{"href":"https:\/\/portalmovil.com.ar\/index.php\/wp-json\/wp\/v2\/posts\/6605","targetHints":{"allow":["GET"]}}],"collection":[{"href":"https:\/\/portalmovil.com.ar\/index.php\/wp-json\/wp\/v2\/posts"}],"about":[{"href":"https:\/\/portalmovil.com.ar\/index.php\/wp-json\/wp\/v2\/types\/post"}],"author":[{"embeddable":true,"href":"https:\/\/portalmovil.com.ar\/index.php\/wp-json\/wp\/v2\/users\/2"}],"replies":[{"embeddable":true,"href":"https:\/\/portalmovil.com.ar\/index.php\/wp-json\/wp\/v2\/comments?post=6605"}],"version-history":[{"count":1,"href":"https:\/\/portalmovil.com.ar\/index.php\/wp-json\/wp\/v2\/posts\/6605\/revisions"}],"predecessor-version":[{"id":6607,"href":"https:\/\/portalmovil.com.ar\/index.php\/wp-json\/wp\/v2\/posts\/6605\/revisions\/6607"}],"wp:featuredmedia":[{"embeddable":true,"href":"https:\/\/portalmovil.com.ar\/index.php\/wp-json\/wp\/v2\/media\/6606"}],"wp:attachment":[{"href":"https:\/\/portalmovil.com.ar\/index.php\/wp-json\/wp\/v2\/media?parent=6605"}],"wp:term":[{"taxonomy":"category","embeddable":true,"href":"https:\/\/portalmovil.com.ar\/index.php\/wp-json\/wp\/v2\/categories?post=6605"},{"taxonomy":"post_tag","embeddable":true,"href":"https:\/\/portalmovil.com.ar\/index.php\/wp-json\/wp\/v2\/tags?post=6605"}],"curies":[{"name":"wp","href":"https:\/\/api.w.org\/{rel}","templated":true}]}}