{"id":65962,"date":"2022-11-05T10:53:55","date_gmt":"2022-11-05T13:53:55","guid":{"rendered":"https:\/\/portalmovil.com.ar\/?p=65962"},"modified":"2022-11-05T11:11:36","modified_gmt":"2022-11-05T14:11:36","slug":"los-fierros-vuelven-a-llenar-de-vida-el-autodromo-yaco-guarnieri","status":"publish","type":"post","link":"https:\/\/portalmovil.com.ar\/index.php\/2022\/11\/05\/los-fierros-vuelven-a-llenar-de-vida-el-autodromo-yaco-guarnieri\/","title":{"rendered":"Los \u201cfierros\u201d vuelven a llenar de vida el Aut\u00f3dromo Yaco Guarnieri"},"content":{"rendered":"\n<p>El programa de carreras incluye a categor\u00edas provinciales y de Santa Fe: Clase 1, Clase 2, TC4000, Monomarca Fiat y F\u00f3rmula del Nordeste. El evento ser\u00e1 este s\u00e1bado 5 y domingo 6, con entrada libre y gratuita.<\/p>\n\n\n\n<p>El Aut\u00f3dromo Municipal de Resistencia, Santiago Yaco Guarnieri, ya est\u00e1 preparado para una nueva fiesta tuerca que tendr\u00e1 lugar este fin de semana. El programa de carreras incluye a categor\u00edas provinciales y de Santa Fe: Clase 1, Clase 2, TC4000, Monomarca Fiat y F\u00f3rmula del Nordeste.<\/p>\n\n\n\n<p>En una nueva apuesta a la revitalizaci\u00f3n del aut\u00f3dromo de la ciudad, la gesti\u00f3n encabezada por el intendente Gustavo Mart\u00ednez impulsa, con entrada totalmente libre y gratuita, la realizaci\u00f3n de una nueva fecha del Campeonato Zonal de Automovilismo. Se espera que este espacio emblem\u00e1tico y valorado a nivel nacional, vuelva a vivir jornadas multitudinarias como las que se repiten desde su reapertura; algo que alcanz\u00f3 su punto m\u00e1s alto con la llegada del Top Race V6.<\/p>\n\n\n\n<p>Durante el lanzamiento de este nuevo encuentro, el intendente Mart\u00ednez volvi\u00f3 a destacar la intenci\u00f3n de seguir posicionando a Resistencia en toda la regi\u00f3n con espect\u00e1culos deportivos, culturales y art\u00edsticos; destacando en ese punto al deporte motor como una pasi\u00f3n instalada que moviliza a miles de familias en el norte del pa\u00eds.<\/p>\n\n\n\n<p>Seg\u00fan la planificaci\u00f3n, ya el viernes se empezar\u00e1n a ver a los equipos llegando para instalarse y preparar todo de cara al fin de semana. El s\u00e1bado ya se espera una amplia actividad entre las pruebas, clasificaciones y competencias que se suman por la variedad de categor\u00edas que se van a presentar.<\/p>\n\n\n\n<p>Esta ser\u00eda la pen\u00faltima presentaci\u00f3n de este tipo en el aut\u00f3dromo de la ciudad en este 2022, ya que el programa prev\u00e9 una \u00faltima fecha que tendr\u00eda lugar en el mes de diciembre.<\/p>\n\n\n\n<figure class=\"wp-block-image\"><img decoding=\"async\" src=\"http:\/\/agenciafoco.com.ar\/media\/cache\/quality\/uploads\/noticias\/636588806de62102270879.png\" alt=\"\"\/><\/figure>\n","protected":false},"excerpt":{"rendered":"<p>El programa de carreras incluye a categor\u00edas provinciales y de Santa Fe: Clase 1, Clase 2, TC4000, Monomarca Fiat y F\u00f3rmula del Nordeste. El evento ser\u00e1 este s\u00e1bado 5 y domingo 6, con entrada libre y gratuita. El Aut\u00f3dromo Municipal de Resistencia, Santiago Yaco Guarnieri, ya est\u00e1 preparado para una nueva fiesta tuerca que tendr\u00e1 &hellip;<\/p>\n","protected":false},"author":2,"featured_media":65963,"comment_status":"open","ping_status":"open","sticky":false,"template":"","format":"standard","meta":{"_jetpack_memberships_contains_paid_content":false,"footnotes":"","jetpack_publicize_message":"","jetpack_publicize_feature_enabled":true,"jetpack_social_post_already_shared":true,"jetpack_social_options":{"image_generator_settings":{"template":"highway","default_image_id":0,"font":"","enabled":false},"version":2}},"categories":[37],"tags":[],"class_list":["post-65962","post","type-post","status-publish","format-standard","has-post-thumbnail","hentry","category-resistencia"],"jetpack_publicize_connections":[],"jetpack_featured_media_url":"https:\/\/portalmovil.com.ar\/wp-content\/uploads\/2022\/11\/636588806c70d188462234-scaled.jpg","jetpack_sharing_enabled":true,"amp_enabled":true,"_links":{"self":[{"href":"https:\/\/portalmovil.com.ar\/index.php\/wp-json\/wp\/v2\/posts\/65962","targetHints":{"allow":["GET"]}}],"collection":[{"href":"https:\/\/portalmovil.com.ar\/index.php\/wp-json\/wp\/v2\/posts"}],"about":[{"href":"https:\/\/portalmovil.com.ar\/index.php\/wp-json\/wp\/v2\/types\/post"}],"author":[{"embeddable":true,"href":"https:\/\/portalmovil.com.ar\/index.php\/wp-json\/wp\/v2\/users\/2"}],"replies":[{"embeddable":true,"href":"https:\/\/portalmovil.com.ar\/index.php\/wp-json\/wp\/v2\/comments?post=65962"}],"version-history":[{"count":1,"href":"https:\/\/portalmovil.com.ar\/index.php\/wp-json\/wp\/v2\/posts\/65962\/revisions"}],"predecessor-version":[{"id":65964,"href":"https:\/\/portalmovil.com.ar\/index.php\/wp-json\/wp\/v2\/posts\/65962\/revisions\/65964"}],"wp:featuredmedia":[{"embeddable":true,"href":"https:\/\/portalmovil.com.ar\/index.php\/wp-json\/wp\/v2\/media\/65963"}],"wp:attachment":[{"href":"https:\/\/portalmovil.com.ar\/index.php\/wp-json\/wp\/v2\/media?parent=65962"}],"wp:term":[{"taxonomy":"category","embeddable":true,"href":"https:\/\/portalmovil.com.ar\/index.php\/wp-json\/wp\/v2\/categories?post=65962"},{"taxonomy":"post_tag","embeddable":true,"href":"https:\/\/portalmovil.com.ar\/index.php\/wp-json\/wp\/v2\/tags?post=65962"}],"curies":[{"name":"wp","href":"https:\/\/api.w.org\/{rel}","templated":true}]}}