{"id":65508,"date":"2022-10-29T11:48:44","date_gmt":"2022-10-29T14:48:44","guid":{"rendered":"https:\/\/portalmovil.com.ar\/?p=65508"},"modified":"2022-10-29T11:48:48","modified_gmt":"2022-10-29T14:48:48","slug":"sameep-avanza-con-obras-de-extension-de-redes-de-agua-potable-en-gral-san-martin","status":"publish","type":"post","link":"https:\/\/portalmovil.com.ar\/index.php\/2022\/10\/29\/sameep-avanza-con-obras-de-extension-de-redes-de-agua-potable-en-gral-san-martin\/","title":{"rendered":"Sameep avanza con obras de extensi\u00f3n de redes de agua potable en Gral San Mart\u00edn"},"content":{"rendered":"\n<p>Sameep avanza con obras de extensi\u00f3n de redes de agua potable en la localidad de San Mart\u00edn, m\u00e1s precisamente en el barrio que lleva el mismo nombre.&nbsp;<\/p>\n\n\n\n<p>Los trabajos, realizados por personal de zona IV de la empresa, contin\u00faan en plena marcha y ya se colocaron 1.800 metros de ca\u00f1er\u00edas con el objetivo de llegar a unas 340 familias. De todas maneras se estima que el servicio se ampliar\u00e1 a\u00fan m\u00e1s en los pr\u00f3ximos meses.&nbsp;<\/p>\n\n\n\n<p>\u201cEst\u00e1n llegando m\u00e1s ca\u00f1os, por lo que se continuar\u00e1 ampliando la obra y se comenzar\u00e1 a conectar a la ca\u00f1er\u00eda troncal para que inmediatamente tengan agua potable en sus domicilios\u201d, dijo Luis Ocampo, jefe de zona IV.<\/p>\n","protected":false},"excerpt":{"rendered":"<p>Sameep avanza con obras de extensi\u00f3n de redes de agua potable en la localidad de San Mart\u00edn, m\u00e1s precisamente en el barrio que lleva el mismo nombre.&nbsp; Los trabajos, realizados por personal de zona IV de la empresa, contin\u00faan en plena marcha y ya se colocaron 1.800 metros de ca\u00f1er\u00edas con el objetivo de llegar &hellip;<\/p>\n","protected":false},"author":2,"featured_media":65509,"comment_status":"open","ping_status":"open","sticky":false,"template":"","format":"standard","meta":{"_jetpack_memberships_contains_paid_content":false,"footnotes":"","jetpack_publicize_message":"","jetpack_publicize_feature_enabled":true,"jetpack_social_post_already_shared":true,"jetpack_social_options":{"image_generator_settings":{"template":"highway","default_image_id":0,"font":"","enabled":false},"version":2}},"categories":[5,42],"tags":[],"class_list":["post-65508","post","type-post","status-publish","format-standard","has-post-thumbnail","hentry","category-chaco","category-interior"],"jetpack_publicize_connections":[],"jetpack_featured_media_url":"https:\/\/portalmovil.com.ar\/wp-content\/uploads\/2022\/10\/635d3b951bd76218125973.jpg","jetpack_sharing_enabled":true,"amp_enabled":true,"_links":{"self":[{"href":"https:\/\/portalmovil.com.ar\/index.php\/wp-json\/wp\/v2\/posts\/65508","targetHints":{"allow":["GET"]}}],"collection":[{"href":"https:\/\/portalmovil.com.ar\/index.php\/wp-json\/wp\/v2\/posts"}],"about":[{"href":"https:\/\/portalmovil.com.ar\/index.php\/wp-json\/wp\/v2\/types\/post"}],"author":[{"embeddable":true,"href":"https:\/\/portalmovil.com.ar\/index.php\/wp-json\/wp\/v2\/users\/2"}],"replies":[{"embeddable":true,"href":"https:\/\/portalmovil.com.ar\/index.php\/wp-json\/wp\/v2\/comments?post=65508"}],"version-history":[{"count":1,"href":"https:\/\/portalmovil.com.ar\/index.php\/wp-json\/wp\/v2\/posts\/65508\/revisions"}],"predecessor-version":[{"id":65510,"href":"https:\/\/portalmovil.com.ar\/index.php\/wp-json\/wp\/v2\/posts\/65508\/revisions\/65510"}],"wp:featuredmedia":[{"embeddable":true,"href":"https:\/\/portalmovil.com.ar\/index.php\/wp-json\/wp\/v2\/media\/65509"}],"wp:attachment":[{"href":"https:\/\/portalmovil.com.ar\/index.php\/wp-json\/wp\/v2\/media?parent=65508"}],"wp:term":[{"taxonomy":"category","embeddable":true,"href":"https:\/\/portalmovil.com.ar\/index.php\/wp-json\/wp\/v2\/categories?post=65508"},{"taxonomy":"post_tag","embeddable":true,"href":"https:\/\/portalmovil.com.ar\/index.php\/wp-json\/wp\/v2\/tags?post=65508"}],"curies":[{"name":"wp","href":"https:\/\/api.w.org\/{rel}","templated":true}]}}