{"id":65455,"date":"2022-10-27T22:18:15","date_gmt":"2022-10-28T01:18:15","guid":{"rendered":"https:\/\/portalmovil.com.ar\/?p=65455"},"modified":"2022-10-27T22:18:17","modified_gmt":"2022-10-28T01:18:17","slug":"avanzan-las-obras-en-el-frigorifico-municipal-de-miraflores","status":"publish","type":"post","link":"https:\/\/portalmovil.com.ar\/index.php\/2022\/10\/27\/avanzan-las-obras-en-el-frigorifico-municipal-de-miraflores\/","title":{"rendered":"Avanzan las obras en el Frigor\u00edfico Municipal de Miraflores"},"content":{"rendered":"\n<p>En el marco de una agenda de trabajo y actividades en el norte de la provincia, este jueves, el gobernador Jorge Capitanich y la vicegobernadora Anal\u00eda Rach Quiroga, estuvieron en Miraflores, en donde visitaron la obra del frigor\u00edfico municipal de la localidad que, con una inversi\u00f3n provincial de m\u00e1s de 65 millones de pesos, permitir\u00e1 potenciar el desarrollo productivo de la zona y generar m\u00e1s empleo.<\/p>\n\n\n\n<p><br>Adem\u00e1s, el mandatario se reuni\u00f3 con productores de consorcios rurales de Miraflores y la regi\u00f3n; y la vicegobernadora constat\u00f3 la obra del puente ubicado en el Lote 408, sobre el r\u00edo Bermejo, que, con una inversi\u00f3n superior a los 19,1 millones de pesos, permitir\u00e1 mejorar la conectividad en la zona.<\/p>\n\n\n\n<p>Verificando los avances del frigor\u00edfico, Capitanich explic\u00f3 que \u201ctendr\u00e1 un sistema de faena que se iniciar\u00e1 progresivamente, con 200 a 250 cabezas y, probablemente, llegar\u00e1 a 400 para poder tener una red de abastecimiento\u201d.<\/p>\n\n\n\n<p>Por su parte, el intendente Jorge Frank asegur\u00f3 que el frigor\u00edfico marca \u201cun antes y un despu\u00e9s\u201d en el procedimiento de faena y la comercializaci\u00f3n de la carne para consumo de Miraflores.<\/p>\n\n\n\n<p>Adem\u00e1s, destac\u00f3 el impacto econ\u00f3mico que significa para la comunidad: \u201cEs la oportunidad para que productores de nuestra regi\u00f3n puedan comercializar sus productos en la zona; que los carniceros de la comunidad puedan traer los animales a faenar aqu\u00ed, y que los consumidores locales podamos abastecernos y consumir carne producida en nuestra localidad\u201d.<\/p>\n\n\n\n<p>En esa l\u00ednea, el jefe comunal asegur\u00f3 que \u201cse genera un movimiento e impacto econ\u00f3mico muy importante para todos en Miraflores\u201d, recordando que su puesta en marcha contar\u00e1 con alrededor de 12 trabajadores (operarios) de la localidad.<\/p>\n\n\n\n<p><strong>SOBRE EL FRIGOR\u00cdFICO<\/strong><\/p>\n\n\n\n<p>El frigor\u00edfico municipal represent\u00f3 una inversi\u00f3n total de $65.517.137, financiados a trav\u00e9s del Ministerio de Planificaci\u00f3n, Econom\u00eda e Infraestructura (MPEI). Iniciada en 2021, la obra contempl\u00f3 la construcci\u00f3n de infraestructura en funci\u00f3n del abastecimiento a la localidad y la zona de influencia cercana.<\/p>\n\n\n\n<p>La planta se construy\u00f3 en un predio de alrededor de 4 hect\u00e1reas y ser\u00e1 abierta, sin elemento separador del espacio p\u00fablico. Cuenta con dos calles que permitir\u00e1n acceder a los bloques. La calle del sector sucio (corrales) ser\u00e1 de ripio y la del sector limpio, ser\u00e1 de hormig\u00f3n. La obra, construida con mano de obra local calificada cuenta con: \u00e1rea de corrales; bloque industrial (con mobiliario y herramientas para tareas de faenado); \u00e1rea de trabajo con el animal ya faenado y un \u00e1rea administrativa con oficinas, como ba\u00f1os y vestidores del personal.<\/p>\n\n\n\n<p>En materia de protecci\u00f3n sanitaria, el gobernador explic\u00f3 que se ha impuesto un marco regulatorio, en el marco de la Ley Federal de Carnes, extendida hasta el 31 de diciembre del 2022, debido a un relevamiento llevado adelante con 31 municipios que ten\u00edan mataderos municipales que no reun\u00edan las condiciones sanitarias exigibles. \u201cTenemos un bien jur\u00eddico que proteger que es la salud p\u00fablica, para que la ciudadan\u00eda consuma alimentos de buena calidad\u201d, dijo.<\/p>\n\n\n\n<p><strong>REUNI\u00d3N DE TRABAJO CON PRODUCTORES<\/strong><\/p>\n\n\n\n<p>Durante la jornada, el gobernador mantuvo una reuni\u00f3n con productores de consorcios rurales de Miraflores y zonas aleda\u00f1as, para trabajar en una agenda en com\u00fan que favorezca el desarrollo productivo facilitando la labor diaria que el sector realiza.<\/p>\n\n\n\n<p>\u201cDialogamos sobre diferentes necesidades de los consorcios vinculadas a la propiedad de la tierra, provisi\u00f3n de agua, nuevas herramientas y mantenimiento de maquinaria\u201d, se\u00f1al\u00f3 Capitanich en sus redes sociales. \u201cAcompa\u00f1amos el desarrollo de la agricultura familiar para que chaque\u00f1os tengan la posibilidad de consumir alimentos locales de calidad\u201d, agreg\u00f3.<\/p>\n","protected":false},"excerpt":{"rendered":"<p>En el marco de una agenda de trabajo y actividades en el norte de la provincia, este jueves, el gobernador Jorge Capitanich y la vicegobernadora Anal\u00eda Rach Quiroga, estuvieron en Miraflores, en donde visitaron la obra del frigor\u00edfico municipal de la localidad que, con una inversi\u00f3n provincial de m\u00e1s de 65 millones de pesos, permitir\u00e1 &hellip;<\/p>\n","protected":false},"author":2,"featured_media":65456,"comment_status":"open","ping_status":"open","sticky":false,"template":"","format":"standard","meta":{"_jetpack_memberships_contains_paid_content":false,"footnotes":"","jetpack_publicize_message":"","jetpack_publicize_feature_enabled":true,"jetpack_social_post_already_shared":true,"jetpack_social_options":{"image_generator_settings":{"template":"highway","default_image_id":0,"font":"","enabled":false},"version":2}},"categories":[5,14,12],"tags":[],"class_list":["post-65455","post","type-post","status-publish","format-standard","has-post-thumbnail","hentry","category-chaco","category-politica","category-ultimo"],"jetpack_publicize_connections":[],"jetpack_featured_media_url":"https:\/\/portalmovil.com.ar\/wp-content\/uploads\/2022\/10\/d8d5682a6cc0d26f0e3b81b47a29de2b.jpg","jetpack_sharing_enabled":true,"amp_enabled":true,"_links":{"self":[{"href":"https:\/\/portalmovil.com.ar\/index.php\/wp-json\/wp\/v2\/posts\/65455","targetHints":{"allow":["GET"]}}],"collection":[{"href":"https:\/\/portalmovil.com.ar\/index.php\/wp-json\/wp\/v2\/posts"}],"about":[{"href":"https:\/\/portalmovil.com.ar\/index.php\/wp-json\/wp\/v2\/types\/post"}],"author":[{"embeddable":true,"href":"https:\/\/portalmovil.com.ar\/index.php\/wp-json\/wp\/v2\/users\/2"}],"replies":[{"embeddable":true,"href":"https:\/\/portalmovil.com.ar\/index.php\/wp-json\/wp\/v2\/comments?post=65455"}],"version-history":[{"count":1,"href":"https:\/\/portalmovil.com.ar\/index.php\/wp-json\/wp\/v2\/posts\/65455\/revisions"}],"predecessor-version":[{"id":65457,"href":"https:\/\/portalmovil.com.ar\/index.php\/wp-json\/wp\/v2\/posts\/65455\/revisions\/65457"}],"wp:featuredmedia":[{"embeddable":true,"href":"https:\/\/portalmovil.com.ar\/index.php\/wp-json\/wp\/v2\/media\/65456"}],"wp:attachment":[{"href":"https:\/\/portalmovil.com.ar\/index.php\/wp-json\/wp\/v2\/media?parent=65455"}],"wp:term":[{"taxonomy":"category","embeddable":true,"href":"https:\/\/portalmovil.com.ar\/index.php\/wp-json\/wp\/v2\/categories?post=65455"},{"taxonomy":"post_tag","embeddable":true,"href":"https:\/\/portalmovil.com.ar\/index.php\/wp-json\/wp\/v2\/tags?post=65455"}],"curies":[{"name":"wp","href":"https:\/\/api.w.org\/{rel}","templated":true}]}}