{"id":65402,"date":"2022-10-27T10:04:59","date_gmt":"2022-10-27T13:04:59","guid":{"rendered":"https:\/\/portalmovil.com.ar\/?p=65402"},"modified":"2022-10-27T10:05:03","modified_gmt":"2022-10-27T13:05:03","slug":"hugo-moyano-banco-una-posible-reeleccion-de-alberto-fernandez-yo-lo-apoyaria","status":"publish","type":"post","link":"https:\/\/portalmovil.com.ar\/index.php\/2022\/10\/27\/hugo-moyano-banco-una-posible-reeleccion-de-alberto-fernandez-yo-lo-apoyaria\/","title":{"rendered":"Hugo Moyano banc\u00f3 una posible reelecci\u00f3n de Alberto Fern\u00e1ndez: \u201cYo lo apoyar\u00eda\u201d"},"content":{"rendered":"\n<p>El l\u00edder de Camioneros, Hugo Moyano, manifest\u00f3 este jueves su apoyo al presidente, Alberto Fern\u00e1ndez, en el caso de que el primer mandatario se candidatee en las elecciones de 2023.<\/p>\n\n\n\n<p>\u00abSi el Presidente va por la reelecci\u00f3n, yo lo apoyar\u00eda\u00bb, asegur\u00f3 Moyano en declaraciones radiales.<\/p>\n","protected":false},"excerpt":{"rendered":"<p>El l\u00edder de Camioneros, Hugo Moyano, manifest\u00f3 este jueves su apoyo al presidente, Alberto Fern\u00e1ndez, en el caso de que el primer mandatario se candidatee en las elecciones de 2023. \u00abSi el Presidente va por la reelecci\u00f3n, yo lo apoyar\u00eda\u00bb, asegur\u00f3 Moyano en declaraciones radiales.<\/p>\n","protected":false},"author":2,"featured_media":65403,"comment_status":"open","ping_status":"open","sticky":false,"template":"","format":"standard","meta":{"_jetpack_memberships_contains_paid_content":false,"footnotes":"","jetpack_publicize_message":"","jetpack_publicize_feature_enabled":true,"jetpack_social_post_already_shared":true,"jetpack_social_options":{"image_generator_settings":{"template":"highway","default_image_id":0,"font":"","enabled":false},"version":2}},"categories":[639,14],"tags":[],"class_list":["post-65402","post","type-post","status-publish","format-standard","has-post-thumbnail","hentry","category-argentina","category-politica"],"jetpack_publicize_connections":[],"jetpack_featured_media_url":"https:\/\/portalmovil.com.ar\/wp-content\/uploads\/2022\/10\/126cf30e-7543-4dfd-8a42-74bf4024fbf6.jpg","jetpack_sharing_enabled":true,"amp_enabled":true,"_links":{"self":[{"href":"https:\/\/portalmovil.com.ar\/index.php\/wp-json\/wp\/v2\/posts\/65402","targetHints":{"allow":["GET"]}}],"collection":[{"href":"https:\/\/portalmovil.com.ar\/index.php\/wp-json\/wp\/v2\/posts"}],"about":[{"href":"https:\/\/portalmovil.com.ar\/index.php\/wp-json\/wp\/v2\/types\/post"}],"author":[{"embeddable":true,"href":"https:\/\/portalmovil.com.ar\/index.php\/wp-json\/wp\/v2\/users\/2"}],"replies":[{"embeddable":true,"href":"https:\/\/portalmovil.com.ar\/index.php\/wp-json\/wp\/v2\/comments?post=65402"}],"version-history":[{"count":1,"href":"https:\/\/portalmovil.com.ar\/index.php\/wp-json\/wp\/v2\/posts\/65402\/revisions"}],"predecessor-version":[{"id":65404,"href":"https:\/\/portalmovil.com.ar\/index.php\/wp-json\/wp\/v2\/posts\/65402\/revisions\/65404"}],"wp:featuredmedia":[{"embeddable":true,"href":"https:\/\/portalmovil.com.ar\/index.php\/wp-json\/wp\/v2\/media\/65403"}],"wp:attachment":[{"href":"https:\/\/portalmovil.com.ar\/index.php\/wp-json\/wp\/v2\/media?parent=65402"}],"wp:term":[{"taxonomy":"category","embeddable":true,"href":"https:\/\/portalmovil.com.ar\/index.php\/wp-json\/wp\/v2\/categories?post=65402"},{"taxonomy":"post_tag","embeddable":true,"href":"https:\/\/portalmovil.com.ar\/index.php\/wp-json\/wp\/v2\/tags?post=65402"}],"curies":[{"name":"wp","href":"https:\/\/api.w.org\/{rel}","templated":true}]}}