{"id":65325,"date":"2022-10-25T21:54:01","date_gmt":"2022-10-26T00:54:01","guid":{"rendered":"https:\/\/portalmovil.com.ar\/?p=65325"},"modified":"2022-10-25T21:54:59","modified_gmt":"2022-10-26T00:54:59","slug":"resistencia-el-smn-anuncia-tormentas-fuertes-para-este-miercoles","status":"publish","type":"post","link":"https:\/\/portalmovil.com.ar\/index.php\/2022\/10\/25\/resistencia-el-smn-anuncia-tormentas-fuertes-para-este-miercoles\/","title":{"rendered":"Resistencia: el SMN anuncia tormentas fuertes para este mi\u00e9rcoles"},"content":{"rendered":"\n<p><strong>Se viene un cambio de tiempo para este mi\u00e9rcoles en Resistencia y alrededores, con lluvias y probables tormentas fuertes -sobre todo para la tarde-, mejorando a partir del jueves con un leve descenso de temperatura<\/strong>, seg\u00fan el pron\u00f3stico del Servicio Meteorol\u00f3gico Nacional.<\/p>\n\n\n\n<p>De hecho,&nbsp;<strong>el SMN amiti\u00f3 un alerta amarillo por tormentas fuertes para la tarde del mi\u00e9rcoles para gran parte de la provincia del Chaco (el centro, noreste, sudoeste y sudeste).<\/strong><\/p>\n\n\n\n<p><strong>\u00abEl \u00e1rea de cobertura ser\u00e1 afectada por tormentas, algunas localmente fuertes. Las mismas estar\u00e1n acompa\u00f1adas de intensas r\u00e1fagas, ocasional ca\u00edda de granizo, fuerte actividad el\u00e9ctrica y abundante ca\u00edda de agua en cortos per\u00edodos\u00bb, indica el informe<\/strong>, que adem\u00e1s advierte que \u00abse esperan valores de precipitaci\u00f3n acumulada entre 20 y 50 mm, pudiendo ser superados de forma localizada\u00bb.<\/p>\n\n\n\n<p>El alerta abarca tambi\u00e9n al centro y este de Formosa, Corrientes, Santa Fe, Entre R\u00edos, C\u00f3rdoba, el centro y noroeste de Buenos Aires, La Pampa, el este de Catamarca, el este de San Juan, y el centro y este de La Rioja.<\/p>\n\n\n\n<h3 class=\"wp-block-heading\">C\u00d3MO SEGUIR\u00c1 EL TIEMPO EN LA REGI\u00d3N<\/h3>\n\n\n\n<p>Para este mi\u00e9rcoles se espera tiempo desmejorando, con tormentas aisladas por la ma\u00f1ana, tormentas fuertes por la tarde, con menor intensidad hacia la noche, y vientos moderados del norte, con r\u00e1fagas, rotando a leves del este. La temperatura oscilar\u00e1 entre 21 grados de m\u00ednima y 34 de m\u00e1xima.<\/p>\n\n\n\n<p>Asimismo, para el jueves se prev\u00e9 tiempo mejorando, ya sin precipitaciones y con nubosidad en disminuci\u00f3n, y vientos leves del sur rotando al sudeste, con un piso t\u00e9rmico de 18 grados y un techo de 31.<\/p>\n\n\n\n<p>En tanto, para el viernes se anticipa cielo algo nublado, con 18 grados de temperatura m\u00ednima y 32 de m\u00e1xima.<\/p>\n","protected":false},"excerpt":{"rendered":"<p>Se viene un cambio de tiempo para este mi\u00e9rcoles en Resistencia y alrededores, con lluvias y probables tormentas fuertes -sobre todo para la tarde-, mejorando a partir del jueves con un leve descenso de temperatura, seg\u00fan el pron\u00f3stico del Servicio Meteorol\u00f3gico Nacional. De hecho,&nbsp;el SMN amiti\u00f3 un alerta amarillo por tormentas fuertes para la tarde &hellip;<\/p>\n","protected":false},"author":2,"featured_media":46132,"comment_status":"open","ping_status":"open","sticky":false,"template":"","format":"standard","meta":{"_jetpack_memberships_contains_paid_content":false,"footnotes":"","jetpack_publicize_message":"","jetpack_publicize_feature_enabled":true,"jetpack_social_post_already_shared":true,"jetpack_social_options":{"image_generator_settings":{"template":"highway","default_image_id":0,"font":"","enabled":false},"version":2}},"categories":[28,5],"tags":[],"class_list":["post-65325","post","type-post","status-publish","format-standard","has-post-thumbnail","hentry","category-actualidad","category-chaco"],"jetpack_publicize_connections":[],"jetpack_featured_media_url":"https:\/\/portalmovil.com.ar\/wp-content\/uploads\/2021\/12\/lluviaauto-696x464-1.jpg","jetpack_sharing_enabled":true,"amp_enabled":true,"_links":{"self":[{"href":"https:\/\/portalmovil.com.ar\/index.php\/wp-json\/wp\/v2\/posts\/65325","targetHints":{"allow":["GET"]}}],"collection":[{"href":"https:\/\/portalmovil.com.ar\/index.php\/wp-json\/wp\/v2\/posts"}],"about":[{"href":"https:\/\/portalmovil.com.ar\/index.php\/wp-json\/wp\/v2\/types\/post"}],"author":[{"embeddable":true,"href":"https:\/\/portalmovil.com.ar\/index.php\/wp-json\/wp\/v2\/users\/2"}],"replies":[{"embeddable":true,"href":"https:\/\/portalmovil.com.ar\/index.php\/wp-json\/wp\/v2\/comments?post=65325"}],"version-history":[{"count":1,"href":"https:\/\/portalmovil.com.ar\/index.php\/wp-json\/wp\/v2\/posts\/65325\/revisions"}],"predecessor-version":[{"id":65326,"href":"https:\/\/portalmovil.com.ar\/index.php\/wp-json\/wp\/v2\/posts\/65325\/revisions\/65326"}],"wp:featuredmedia":[{"embeddable":true,"href":"https:\/\/portalmovil.com.ar\/index.php\/wp-json\/wp\/v2\/media\/46132"}],"wp:attachment":[{"href":"https:\/\/portalmovil.com.ar\/index.php\/wp-json\/wp\/v2\/media?parent=65325"}],"wp:term":[{"taxonomy":"category","embeddable":true,"href":"https:\/\/portalmovil.com.ar\/index.php\/wp-json\/wp\/v2\/categories?post=65325"},{"taxonomy":"post_tag","embeddable":true,"href":"https:\/\/portalmovil.com.ar\/index.php\/wp-json\/wp\/v2\/tags?post=65325"}],"curies":[{"name":"wp","href":"https:\/\/api.w.org\/{rel}","templated":true}]}}