{"id":65313,"date":"2022-10-25T18:21:02","date_gmt":"2022-10-25T21:21:02","guid":{"rendered":"https:\/\/portalmovil.com.ar\/?p=65313"},"modified":"2022-10-25T18:21:04","modified_gmt":"2022-10-25T21:21:04","slug":"luego-de-la-represion-residentes-tendran-incrementos-en-sumas-fijas-y-en-refrigerio","status":"publish","type":"post","link":"https:\/\/portalmovil.com.ar\/index.php\/2022\/10\/25\/luego-de-la-represion-residentes-tendran-incrementos-en-sumas-fijas-y-en-refrigerio\/","title":{"rendered":"Luego de la represi\u00f3n, residentes tendr\u00e1n incrementos en sumas fijas y en refrigerio"},"content":{"rendered":"\n<p>El ministro de Planificaci\u00f3n, Econom\u00eda e Infraestructura, Santiago P\u00e9rez Pons y la ministra de Salud P\u00fablica, Carolina Centeno se reunieron con m\u00e9dicos residentes y acordaron, incrementos en las sumas fijas y en el refrigerio que perciben las y los profesionales, desde el mes de noviembre.<\/p>\n\n\n\n<p>El acuerdo establece que un residente R1 (que reci\u00e9n comienza) pasar\u00e1 a cobrar desde el mes de noviembre $116.000. El monto anterior era de $98.000. En el mes de diciembre, esta suma fija aumentar\u00e1 a $147.000, poniendo a consideraci\u00f3n nuevos aumentos a la pauta general que se definir\u00e1 en el a\u00f1o 2023.<\/p>\n\n\n\n<p>En relaci\u00f3n al concepto de refrigero, durante el mes de noviembre, el incremento ser\u00e1 de $5.000, conforme su aumento al escalaf\u00f3n general. En el mes de diciembre, el incremento volver\u00e1 a ser de otros $5.000.<\/p>\n\n\n\n<p>\u201cEstablecimos estos aumentos que son muy importantes para el sector y suman m\u00e1s del 70 por ciento en lo que refiere al acumulado de la pauta de enero a diciembre, estableciendo un incremento en las sumas fijas y en el refrigerio\u201d, asegur\u00f3 la ministra Carolina Centeno.<\/p>\n\n\n\n<p>Adem\u00e1s, se\u00f1al\u00f3 que \u201cun residente de primer a\u00f1o, de la Regi\u00f3n Metropolitana, alcanzar\u00e1 una beca de capacitaci\u00f3n de $147.421 a diciembre de 2022 y hacia el a\u00f1o siguiente, podremos trabajar el aumento v\u00eda pauta salarial\u201d, concluy\u00f3 la funcionaria.<\/p>\n","protected":false},"excerpt":{"rendered":"<p>El ministro de Planificaci\u00f3n, Econom\u00eda e Infraestructura, Santiago P\u00e9rez Pons y la ministra de Salud P\u00fablica, Carolina Centeno se reunieron con m\u00e9dicos residentes y acordaron, incrementos en las sumas fijas y en el refrigerio que perciben las y los profesionales, desde el mes de noviembre. El acuerdo establece que un residente R1 (que reci\u00e9n comienza) &hellip;<\/p>\n","protected":false},"author":2,"featured_media":65314,"comment_status":"open","ping_status":"open","sticky":false,"template":"","format":"standard","meta":{"_jetpack_memberships_contains_paid_content":false,"footnotes":"","jetpack_publicize_message":"","jetpack_publicize_feature_enabled":true,"jetpack_social_post_already_shared":true,"jetpack_social_options":{"image_generator_settings":{"template":"highway","default_image_id":0,"font":"","enabled":false},"version":2}},"categories":[5,46],"tags":[],"class_list":["post-65313","post","type-post","status-publish","format-standard","has-post-thumbnail","hentry","category-chaco","category-salud"],"jetpack_publicize_connections":[],"jetpack_featured_media_url":"https:\/\/portalmovil.com.ar\/wp-content\/uploads\/2022\/10\/1e182755-e5a6-486e-92c1-9d47aeeafdf8.jpg","jetpack_sharing_enabled":true,"amp_enabled":true,"_links":{"self":[{"href":"https:\/\/portalmovil.com.ar\/index.php\/wp-json\/wp\/v2\/posts\/65313","targetHints":{"allow":["GET"]}}],"collection":[{"href":"https:\/\/portalmovil.com.ar\/index.php\/wp-json\/wp\/v2\/posts"}],"about":[{"href":"https:\/\/portalmovil.com.ar\/index.php\/wp-json\/wp\/v2\/types\/post"}],"author":[{"embeddable":true,"href":"https:\/\/portalmovil.com.ar\/index.php\/wp-json\/wp\/v2\/users\/2"}],"replies":[{"embeddable":true,"href":"https:\/\/portalmovil.com.ar\/index.php\/wp-json\/wp\/v2\/comments?post=65313"}],"version-history":[{"count":1,"href":"https:\/\/portalmovil.com.ar\/index.php\/wp-json\/wp\/v2\/posts\/65313\/revisions"}],"predecessor-version":[{"id":65315,"href":"https:\/\/portalmovil.com.ar\/index.php\/wp-json\/wp\/v2\/posts\/65313\/revisions\/65315"}],"wp:featuredmedia":[{"embeddable":true,"href":"https:\/\/portalmovil.com.ar\/index.php\/wp-json\/wp\/v2\/media\/65314"}],"wp:attachment":[{"href":"https:\/\/portalmovil.com.ar\/index.php\/wp-json\/wp\/v2\/media?parent=65313"}],"wp:term":[{"taxonomy":"category","embeddable":true,"href":"https:\/\/portalmovil.com.ar\/index.php\/wp-json\/wp\/v2\/categories?post=65313"},{"taxonomy":"post_tag","embeddable":true,"href":"https:\/\/portalmovil.com.ar\/index.php\/wp-json\/wp\/v2\/tags?post=65313"}],"curies":[{"name":"wp","href":"https:\/\/api.w.org\/{rel}","templated":true}]}}