{"id":65219,"date":"2022-10-24T10:12:18","date_gmt":"2022-10-24T13:12:18","guid":{"rendered":"https:\/\/portalmovil.com.ar\/?p=65219"},"modified":"2022-10-24T10:12:21","modified_gmt":"2022-10-24T13:12:21","slug":"anses-inicio-la-inscripcion-presencial-para-el-ife-5","status":"publish","type":"post","link":"https:\/\/portalmovil.com.ar\/index.php\/2022\/10\/24\/anses-inicio-la-inscripcion-presencial-para-el-ife-5\/","title":{"rendered":"Anses: inici\u00f3 la inscripci\u00f3n presencial para el IFE 5"},"content":{"rendered":"\n<p><strong>La Administraci\u00f3n Nacional de la Seguridad Social (Anses) habilita, a partir de este lunes, todas sus oficinas para la inscripci\u00f3n presencial y sin turno al Refuerzo Alimentario de 45.000 pesos, destinado a personas de entre 18 y 64 a\u00f1os, en condiciones de extrema vulnerabilidad, que no cuenten con ning\u00fan tipo de ingreso y no cobren prestaci\u00f3n, asignaci\u00f3n o programa social del Estado nacional, provincial o municipal alguna.<\/strong><\/p>\n\n\n\n<p>Hasta el s\u00e1bado, m\u00e1s de 100 mil personas se hab\u00edan inscrito de forma virtual, a trav\u00e9s de\u00a0<a href=\"http:\/\/www.anses.gob.ar\/\" target=\"_blank\" rel=\"noreferrer noopener\">www.anses.gob.ar<\/a>, s\u00f3lo con los datos de CUIL y Clave de la Seguridad Social.<\/p>\n\n\n\n<p>Anses inform\u00f3 tambi\u00e9n que realizar\u00e1 operativos m\u00f3viles para inscribir a potenciales beneficiarios en distintas zonas del pa\u00eds.<\/p>\n\n\n\n<h3 class=\"wp-block-heading\"><strong>C\u00d3MO SE PAGAR\u00c1 EL REFUERZO ALIMENTARIO<\/strong><\/h3>\n\n\n\n<p><strong>El refuerzo se pagar\u00e1 en dos cuotas de 22.500 pesos en noviembre y diciembre, y el pago de la primera de ellas iniciar\u00e1 el lunes 14 de noviembre, por terminaci\u00f3n de documento.<\/strong><\/p>\n\n\n\n<p>Seg\u00fan se inform\u00f3, podr\u00e1n inscribirse las personas que no tengan trabajo registrado (en relaci\u00f3n de dependencia, aut\u00f3nomos, de casas particulares, monotributistas y monotributistas sociales), ni tampoco jubilaciones y\/o pensiones contributivas o no contributivas (tanto nacionales como provinciales y municipales).<\/p>\n\n\n\n<p>Tampoco podr\u00e1n acceder quienes perciban una prestaci\u00f3n por desempleo, sean beneficiarios del plan Potenciar Trabajo o de una Beca Progresar o de la Asignaci\u00f3n por Embarazo para Protecci\u00f3n Social o Programas Sociales (tanto nacionales como provinciales o municipales).<\/p>\n\n\n\n<p>El mismo criterio aplica para quienes tengan hijas y\/o hijos que perciban la Asignaci\u00f3n Universal por Hija e Hijo o Salario Familiar. Asimismo, las personas que se inscriban deber\u00e1n completar una declaraci\u00f3n jurada, que ser\u00e1 evaluada junto a sus consumos, bienes y patrimonio.<\/p>\n\n\n\n<p>Es decir, no podr\u00e1n tener registrado a su nombre: rodados (automotores, motocicletas y otros) que tengan menos de 10 a\u00f1os de antig\u00fcedad, inmuebles, consumos de tarjeta de cr\u00e9dito y\/o d\u00e9bito en los \u00faltimos dos meses; plazos fijos y bonos en los \u00faltimos seis meses; acreditaciones en cuentas bancarias en los \u00faltimos dos meses; compras en moneda extranjera en los \u00faltimos seis meses; o posean una obra social o prepaga. En el caso de personas de 18 a 24 a\u00f1os, el control socioecon\u00f3mico se le realizar\u00e1 tambi\u00e9n a su grupo familiar.<\/p>\n","protected":false},"excerpt":{"rendered":"<p>La Administraci\u00f3n Nacional de la Seguridad Social (Anses) habilita, a partir de este lunes, todas sus oficinas para la inscripci\u00f3n presencial y sin turno al Refuerzo Alimentario de 45.000 pesos, destinado a personas de entre 18 y 64 a\u00f1os, en condiciones de extrema vulnerabilidad, que no cuenten con ning\u00fan tipo de ingreso y no cobren &hellip;<\/p>\n","protected":false},"author":2,"featured_media":34506,"comment_status":"open","ping_status":"open","sticky":false,"template":"","format":"standard","meta":{"_jetpack_memberships_contains_paid_content":false,"footnotes":"","jetpack_publicize_message":"","jetpack_publicize_feature_enabled":true,"jetpack_social_post_already_shared":true,"jetpack_social_options":{"image_generator_settings":{"template":"highway","default_image_id":0,"font":"","enabled":false},"version":2}},"categories":[28],"tags":[],"class_list":["post-65219","post","type-post","status-publish","format-standard","has-post-thumbnail","hentry","category-actualidad"],"jetpack_publicize_connections":[],"jetpack_featured_media_url":"https:\/\/portalmovil.com.ar\/wp-content\/uploads\/2021\/07\/c9383ba1-c6ec-4e16-a568-c9f643904bb7.jpg","jetpack_sharing_enabled":true,"amp_enabled":true,"_links":{"self":[{"href":"https:\/\/portalmovil.com.ar\/index.php\/wp-json\/wp\/v2\/posts\/65219","targetHints":{"allow":["GET"]}}],"collection":[{"href":"https:\/\/portalmovil.com.ar\/index.php\/wp-json\/wp\/v2\/posts"}],"about":[{"href":"https:\/\/portalmovil.com.ar\/index.php\/wp-json\/wp\/v2\/types\/post"}],"author":[{"embeddable":true,"href":"https:\/\/portalmovil.com.ar\/index.php\/wp-json\/wp\/v2\/users\/2"}],"replies":[{"embeddable":true,"href":"https:\/\/portalmovil.com.ar\/index.php\/wp-json\/wp\/v2\/comments?post=65219"}],"version-history":[{"count":1,"href":"https:\/\/portalmovil.com.ar\/index.php\/wp-json\/wp\/v2\/posts\/65219\/revisions"}],"predecessor-version":[{"id":65220,"href":"https:\/\/portalmovil.com.ar\/index.php\/wp-json\/wp\/v2\/posts\/65219\/revisions\/65220"}],"wp:featuredmedia":[{"embeddable":true,"href":"https:\/\/portalmovil.com.ar\/index.php\/wp-json\/wp\/v2\/media\/34506"}],"wp:attachment":[{"href":"https:\/\/portalmovil.com.ar\/index.php\/wp-json\/wp\/v2\/media?parent=65219"}],"wp:term":[{"taxonomy":"category","embeddable":true,"href":"https:\/\/portalmovil.com.ar\/index.php\/wp-json\/wp\/v2\/categories?post=65219"},{"taxonomy":"post_tag","embeddable":true,"href":"https:\/\/portalmovil.com.ar\/index.php\/wp-json\/wp\/v2\/tags?post=65219"}],"curies":[{"name":"wp","href":"https:\/\/api.w.org\/{rel}","templated":true}]}}