{"id":65111,"date":"2022-10-21T16:26:51","date_gmt":"2022-10-21T19:26:51","guid":{"rendered":"https:\/\/portalmovil.com.ar\/?p=65111"},"modified":"2022-10-21T16:26:55","modified_gmt":"2022-10-21T19:26:55","slug":"magda-ayala-es-un-compromiso-mejorar-la-calidad-de-vida-de-nuestros-vecinos","status":"publish","type":"post","link":"https:\/\/portalmovil.com.ar\/index.php\/2022\/10\/21\/magda-ayala-es-un-compromiso-mejorar-la-calidad-de-vida-de-nuestros-vecinos\/","title":{"rendered":"Magda Ayala: \u201cEs un compromiso mejorar la calidad de vida de nuestros vecinos\u201d"},"content":{"rendered":"\n<p>\u201cEsta semana se encuentra trabajando el equipo de Catastro del municipio junto a la Direcci\u00f3n de RUBH y el Ministerio de Ambiente y Desarrollo Territorial Sostenible a cargo de Marta Soneira en el barrio Villa Forestaci\u00f3n para realizar el Registro \u00danico de Beneficiarios del H\u00e1bitat\u201d, explic\u00f3 la intendente Magda Ayala.<\/p>\n\n\n\n<p>Una acci\u00f3n que cont\u00f3 con el acompa\u00f1amiento de la secretaria de Obras y Servicios P\u00fablicos Yolanda Marinoff, el secretario coordinador de Gabinete Rodrigo Ayala Pared y la coordinadora de Topograf\u00eda y Catastro Vanesa Jarolin. Misma que se di\u00f3 inicio el pasado lunes 17 de octubre y que se extiende durante toda la semana.<\/p>\n\n\n\n<p>\u201cComo hemos expresado siempre, es un compromiso mejorar la calidad de vida de nuestros vecinos, garantizar derechos a trav\u00e9s de la regularizaci\u00f3n de los barrios tambi\u00e9n implica garantizar los servicios esenciales como la luz y el agua. Juntos estamos realizando el mayor de los esfuerzos para llegar a cada rinc\u00f3n de nuestra Barranqueras\u201d, finaliz\u00f3 la jefa comunal.<\/p>\n","protected":false},"excerpt":{"rendered":"<p>\u201cEsta semana se encuentra trabajando el equipo de Catastro del municipio junto a la Direcci\u00f3n de RUBH y el Ministerio de Ambiente y Desarrollo Territorial Sostenible a cargo de Marta Soneira en el barrio Villa Forestaci\u00f3n para realizar el Registro \u00danico de Beneficiarios del H\u00e1bitat\u201d, explic\u00f3 la intendente Magda Ayala. Una acci\u00f3n que cont\u00f3 con &hellip;<\/p>\n","protected":false},"author":2,"featured_media":65112,"comment_status":"open","ping_status":"open","sticky":false,"template":"","format":"standard","meta":{"_jetpack_memberships_contains_paid_content":false,"footnotes":"","jetpack_publicize_message":"","jetpack_publicize_feature_enabled":true,"jetpack_social_post_already_shared":true,"jetpack_social_options":{"image_generator_settings":{"template":"highway","default_image_id":0,"font":"","enabled":false},"version":2}},"categories":[5,14],"tags":[],"class_list":["post-65111","post","type-post","status-publish","format-standard","has-post-thumbnail","hentry","category-chaco","category-politica"],"jetpack_publicize_connections":[],"jetpack_featured_media_url":"https:\/\/portalmovil.com.ar\/wp-content\/uploads\/2022\/10\/308402965_601760731585962_4317111800822983729_n.jpg","jetpack_sharing_enabled":true,"amp_enabled":true,"_links":{"self":[{"href":"https:\/\/portalmovil.com.ar\/index.php\/wp-json\/wp\/v2\/posts\/65111","targetHints":{"allow":["GET"]}}],"collection":[{"href":"https:\/\/portalmovil.com.ar\/index.php\/wp-json\/wp\/v2\/posts"}],"about":[{"href":"https:\/\/portalmovil.com.ar\/index.php\/wp-json\/wp\/v2\/types\/post"}],"author":[{"embeddable":true,"href":"https:\/\/portalmovil.com.ar\/index.php\/wp-json\/wp\/v2\/users\/2"}],"replies":[{"embeddable":true,"href":"https:\/\/portalmovil.com.ar\/index.php\/wp-json\/wp\/v2\/comments?post=65111"}],"version-history":[{"count":1,"href":"https:\/\/portalmovil.com.ar\/index.php\/wp-json\/wp\/v2\/posts\/65111\/revisions"}],"predecessor-version":[{"id":65113,"href":"https:\/\/portalmovil.com.ar\/index.php\/wp-json\/wp\/v2\/posts\/65111\/revisions\/65113"}],"wp:featuredmedia":[{"embeddable":true,"href":"https:\/\/portalmovil.com.ar\/index.php\/wp-json\/wp\/v2\/media\/65112"}],"wp:attachment":[{"href":"https:\/\/portalmovil.com.ar\/index.php\/wp-json\/wp\/v2\/media?parent=65111"}],"wp:term":[{"taxonomy":"category","embeddable":true,"href":"https:\/\/portalmovil.com.ar\/index.php\/wp-json\/wp\/v2\/categories?post=65111"},{"taxonomy":"post_tag","embeddable":true,"href":"https:\/\/portalmovil.com.ar\/index.php\/wp-json\/wp\/v2\/tags?post=65111"}],"curies":[{"name":"wp","href":"https:\/\/api.w.org\/{rel}","templated":true}]}}