{"id":65090,"date":"2022-10-21T10:23:12","date_gmt":"2022-10-21T13:23:12","guid":{"rendered":"https:\/\/portalmovil.com.ar\/?p=65090"},"modified":"2022-10-21T10:23:15","modified_gmt":"2022-10-21T13:23:15","slug":"en-noviembre-se-licitara-la-obra-del-puente-chaco-corrientes","status":"publish","type":"post","link":"https:\/\/portalmovil.com.ar\/index.php\/2022\/10\/21\/en-noviembre-se-licitara-la-obra-del-puente-chaco-corrientes\/","title":{"rendered":"En noviembre se licitar\u00e1 la obra del Puente Chaco &#8211; Corrientes"},"content":{"rendered":"\n<p>El gobernador Jorge Capitanich se reuni\u00f3 con el ministro de Obras P\u00fablicas de la Naci\u00f3n, Gabriel Katopodis, y anunci\u00f3 que en noviembre ser\u00e1 licitada la obra del Puente Interprovincial General Manuel Belgrano, que une a nuestra provincia con Corrientes. El ejecutivo chaque\u00f1o confirm\u00f3 que el 10 de diciembre pr\u00f3ximo se inaugurar\u00e1 la Autov\u00eda de la Ruta Nacional N\u00ba 11 y que para el 25 de mayo de 2023, se har\u00e1 lo mismo con el segundo acueducto del interior del Chaco.<\/p>\n\n\n\n<p>En la reuni\u00f3n con Katopodis, repasaron la ejecuci\u00f3n de obras como los 272 kil\u00f3metros que est\u00e1n previstos para El Impenetrable; los desag\u00fces pluviales para Resistencia; el plan de obras de agua potable, cloacas y pavimento urbano para distintas localidades del interior; adem\u00e1s de la primera etapa de la defensa para el Barrio San Pedro Pescador, y las futuras licitaciones de las etapas 2 y 3.<\/p>\n\n\n\n<p>\u201cEstoy agradecido del recibimiento y la mesa de trabajo que tuvimos con el ministro Katopodis\u201d, expres\u00f3 Capitanich en sus redes sociales y remarc\u00f3 que \u201cest\u00e1s obras siguen transformando la realidad de la provincia\u201d.<\/p>\n","protected":false},"excerpt":{"rendered":"<p>El gobernador Jorge Capitanich se reuni\u00f3 con el ministro de Obras P\u00fablicas de la Naci\u00f3n, Gabriel Katopodis, y anunci\u00f3 que en noviembre ser\u00e1 licitada la obra del Puente Interprovincial General Manuel Belgrano, que une a nuestra provincia con Corrientes. El ejecutivo chaque\u00f1o confirm\u00f3 que el 10 de diciembre pr\u00f3ximo se inaugurar\u00e1 la Autov\u00eda de la &hellip;<\/p>\n","protected":false},"author":2,"featured_media":65091,"comment_status":"open","ping_status":"open","sticky":false,"template":"","format":"standard","meta":{"_jetpack_memberships_contains_paid_content":false,"footnotes":"","jetpack_publicize_message":"","jetpack_publicize_feature_enabled":true,"jetpack_social_post_already_shared":true,"jetpack_social_options":{"image_generator_settings":{"template":"highway","default_image_id":0,"font":"","enabled":false},"version":2}},"categories":[5,14,12],"tags":[],"class_list":["post-65090","post","type-post","status-publish","format-standard","has-post-thumbnail","hentry","category-chaco","category-politica","category-ultimo"],"jetpack_publicize_connections":[],"jetpack_featured_media_url":"https:\/\/portalmovil.com.ar\/wp-content\/uploads\/2022\/10\/Segundo-puente-Chaco-Corrientes-todo-sobre-la-inversion-que-requiere-los-posibles-fuentes-de-inversion-y-las-obras-que-se-desarrollan-para-conectarlo-a-las-rutas-correntinas-portada.jpg","jetpack_sharing_enabled":true,"amp_enabled":true,"_links":{"self":[{"href":"https:\/\/portalmovil.com.ar\/index.php\/wp-json\/wp\/v2\/posts\/65090","targetHints":{"allow":["GET"]}}],"collection":[{"href":"https:\/\/portalmovil.com.ar\/index.php\/wp-json\/wp\/v2\/posts"}],"about":[{"href":"https:\/\/portalmovil.com.ar\/index.php\/wp-json\/wp\/v2\/types\/post"}],"author":[{"embeddable":true,"href":"https:\/\/portalmovil.com.ar\/index.php\/wp-json\/wp\/v2\/users\/2"}],"replies":[{"embeddable":true,"href":"https:\/\/portalmovil.com.ar\/index.php\/wp-json\/wp\/v2\/comments?post=65090"}],"version-history":[{"count":1,"href":"https:\/\/portalmovil.com.ar\/index.php\/wp-json\/wp\/v2\/posts\/65090\/revisions"}],"predecessor-version":[{"id":65092,"href":"https:\/\/portalmovil.com.ar\/index.php\/wp-json\/wp\/v2\/posts\/65090\/revisions\/65092"}],"wp:featuredmedia":[{"embeddable":true,"href":"https:\/\/portalmovil.com.ar\/index.php\/wp-json\/wp\/v2\/media\/65091"}],"wp:attachment":[{"href":"https:\/\/portalmovil.com.ar\/index.php\/wp-json\/wp\/v2\/media?parent=65090"}],"wp:term":[{"taxonomy":"category","embeddable":true,"href":"https:\/\/portalmovil.com.ar\/index.php\/wp-json\/wp\/v2\/categories?post=65090"},{"taxonomy":"post_tag","embeddable":true,"href":"https:\/\/portalmovil.com.ar\/index.php\/wp-json\/wp\/v2\/tags?post=65090"}],"curies":[{"name":"wp","href":"https:\/\/api.w.org\/{rel}","templated":true}]}}