{"id":65006,"date":"2022-10-19T19:28:39","date_gmt":"2022-10-19T22:28:39","guid":{"rendered":"https:\/\/portalmovil.com.ar\/?p=65006"},"modified":"2022-10-19T19:33:09","modified_gmt":"2022-10-19T22:33:09","slug":"alberto-fernandez-confirmo-el-ahora-30-para-comprar-electrodomesticos","status":"publish","type":"post","link":"https:\/\/portalmovil.com.ar\/index.php\/2022\/10\/19\/alberto-fernandez-confirmo-el-ahora-30-para-comprar-electrodomesticos\/","title":{"rendered":"Alberto Fern\u00e1ndez confirm\u00f3 el \u00abAhora 30\u00bb para comprar electrodom\u00e9sticos"},"content":{"rendered":"\n<p>El presidente, Alberto Fern\u00e1ndez, se reuni\u00f3 esta tarde con el ministro de Econom\u00eda, Sergio Massa, y&nbsp;<strong>anunci\u00f3 en su cuenta de Twitter que es viernes entrar\u00e1 en vigencia el plan Ahora 30 de financiaci\u00f3n y compra de electrodom\u00e9sticos.<\/strong><\/p>\n\n\n\n<p>El plan consiste en habilitar la compra en<strong>&nbsp;30 cuotas y adem\u00e1s congelar los precios de los productos que ingresen en la n\u00f3mina por 90 d\u00edas<\/strong>. En este sentido, la tasa de las cuotas ser\u00e1 de 48% anual, que es la mitad de la actual en el sistema financiero.<ins><\/ins><\/p>\n\n\n\n<p>El plan contemplar\u00e1 heladeras, lavarropas, celulares, aires acondicionados y televisores con un tope general de aproximadamente $ 200.000, seg\u00fan informaron fuentes oficiales.&nbsp;<strong>De esta manera los tel\u00e9fonos tendr\u00e1n un m\u00e1ximo de $ 120.000<\/strong>, por ejemplo.<\/p>\n\n\n\n<p>En este contexto, tambi\u00e9n confirm\u00f3 que, bajo las mismas condiciones,&nbsp;<strong>en noviembre se sumar\u00e1 Ahora 42 para jubilados,<\/strong>&nbsp;el cual consistir\u00e1 en los mismo, pero con&nbsp;<strong>42 cuotas.<\/strong><\/p>\n\n\n\n<p>\u00abLos productos ser\u00e1n de bajo consumo, permitiendo el ahorro energ\u00e9tico, y de producci\u00f3n nacional, alentando el crecimiento de nuestra industria\u00bb, afirm\u00f3 el presidente.<\/p>\n","protected":false},"excerpt":{"rendered":"<p>El presidente, Alberto Fern\u00e1ndez, se reuni\u00f3 esta tarde con el ministro de Econom\u00eda, Sergio Massa, y&nbsp;anunci\u00f3 en su cuenta de Twitter que es viernes entrar\u00e1 en vigencia el plan Ahora 30 de financiaci\u00f3n y compra de electrodom\u00e9sticos. El plan consiste en habilitar la compra en&nbsp;30 cuotas y adem\u00e1s congelar los precios de los productos que &hellip;<\/p>\n","protected":false},"author":2,"featured_media":37122,"comment_status":"open","ping_status":"open","sticky":false,"template":"","format":"standard","meta":{"_jetpack_memberships_contains_paid_content":false,"footnotes":"","jetpack_publicize_message":"","jetpack_publicize_feature_enabled":true,"jetpack_social_post_already_shared":true,"jetpack_social_options":{"image_generator_settings":{"template":"highway","default_image_id":0,"font":"","enabled":false},"version":2}},"categories":[639,14,12],"tags":[],"class_list":["post-65006","post","type-post","status-publish","format-standard","has-post-thumbnail","hentry","category-argentina","category-politica","category-ultimo"],"jetpack_publicize_connections":[],"jetpack_featured_media_url":"https:\/\/portalmovil.com.ar\/wp-content\/uploads\/2021\/08\/alberto-fernandezjpg.jpg","jetpack_sharing_enabled":true,"amp_enabled":true,"_links":{"self":[{"href":"https:\/\/portalmovil.com.ar\/index.php\/wp-json\/wp\/v2\/posts\/65006","targetHints":{"allow":["GET"]}}],"collection":[{"href":"https:\/\/portalmovil.com.ar\/index.php\/wp-json\/wp\/v2\/posts"}],"about":[{"href":"https:\/\/portalmovil.com.ar\/index.php\/wp-json\/wp\/v2\/types\/post"}],"author":[{"embeddable":true,"href":"https:\/\/portalmovil.com.ar\/index.php\/wp-json\/wp\/v2\/users\/2"}],"replies":[{"embeddable":true,"href":"https:\/\/portalmovil.com.ar\/index.php\/wp-json\/wp\/v2\/comments?post=65006"}],"version-history":[{"count":1,"href":"https:\/\/portalmovil.com.ar\/index.php\/wp-json\/wp\/v2\/posts\/65006\/revisions"}],"predecessor-version":[{"id":65007,"href":"https:\/\/portalmovil.com.ar\/index.php\/wp-json\/wp\/v2\/posts\/65006\/revisions\/65007"}],"wp:featuredmedia":[{"embeddable":true,"href":"https:\/\/portalmovil.com.ar\/index.php\/wp-json\/wp\/v2\/media\/37122"}],"wp:attachment":[{"href":"https:\/\/portalmovil.com.ar\/index.php\/wp-json\/wp\/v2\/media?parent=65006"}],"wp:term":[{"taxonomy":"category","embeddable":true,"href":"https:\/\/portalmovil.com.ar\/index.php\/wp-json\/wp\/v2\/categories?post=65006"},{"taxonomy":"post_tag","embeddable":true,"href":"https:\/\/portalmovil.com.ar\/index.php\/wp-json\/wp\/v2\/tags?post=65006"}],"curies":[{"name":"wp","href":"https:\/\/api.w.org\/{rel}","templated":true}]}}