{"id":64944,"date":"2022-10-18T21:52:04","date_gmt":"2022-10-19T00:52:04","guid":{"rendered":"https:\/\/portalmovil.com.ar\/?p=64944"},"modified":"2022-10-18T21:52:07","modified_gmt":"2022-10-19T00:52:07","slug":"fue-a-realizar-una-denuncia-por-violencia-de-genero-la-policia-se-nego-a-tomarle-declaracion-y-se-suicido","status":"publish","type":"post","link":"https:\/\/portalmovil.com.ar\/index.php\/2022\/10\/18\/fue-a-realizar-una-denuncia-por-violencia-de-genero-la-policia-se-nego-a-tomarle-declaracion-y-se-suicido\/","title":{"rendered":"Fue a realizar una denuncia por violencia de g\u00e9nero, la Polic\u00eda se neg\u00f3 a tomarle declaraci\u00f3n y se suicid\u00f3"},"content":{"rendered":"\n<p><strong>Noelia Sosa<\/strong>\u00a0ten\u00eda 30 a\u00f1os, dos hijos y viv\u00eda en la localidad de\u00a0<strong>Trancas<\/strong>, Tucum\u00e1n.\u00a0El fin de semana se quit\u00f3 la vida tras haber ido hasta la comisar\u00eda\u00a0a denunciar a su pareja por\u00a0<strong>violencia de g\u00e9nero<\/strong>, y le respondieran que no se la pod\u00edan tomar porque\u00a0<strong>\u201cno estaba el oficial de guardia\u201d.\u00a0<\/strong>Familiares y vecinos se movilizaron a la municipalidad y el gobierno provincial\u00a0<strong>removi\u00f3 a la c\u00fapula de la comisar\u00eda e investigar\u00e1n si hubo negligencia<\/strong>.<\/p>\n\n\n\n<p>\u201cLe dijeron que no pod\u00edan hacer nada, que regresara a la tarde, que seguro lo encontrar\u00eda\u201d, cont\u00f3 a medios locales Ernesto Campos, el cu\u00f1ado de la mujer sobre la respuesta que obtuvo en la comisar\u00eda.&nbsp;<\/p>\n\n\n\n<p>Seg\u00fan dijo, la mujer insisti\u00f3 con el pedido de ayuda pero no obtuvo respuesta. \u201c<strong>Les dijo que ella no pod\u00eda salir de ah\u00ed porque ten\u00eda miedo de que le hiciera algo malo<\/strong>. No entiendo por qu\u00e9 no hicieron nada. Ella fue a pedir ayuda a la comisar\u00eda de Trancas, pero&nbsp;<strong>no la escucharon<\/strong>\u00ab, dijo, y sostuvo que estaba \u00abdesesperada y angustiada\u00bb.<\/p>\n\n\n\n<p>La familia tambi\u00e9n denuncia que cuando se enteraron de su muerte la polic\u00eda tard\u00f3 en llegar a la casa de la joven, donde \u00abestuvieron cinco minutos\u201d. \u201cElla nos cont\u00f3 que hab\u00eda mantenido una fuerte pelea con su pareja y que lo hab\u00eda rasgu\u00f1ado en sus brazos durante la pelea.\u00a0<strong>Le pedimos a los polic\u00edas que lo revisaran pero<\/strong>\u00a0<strong>no hicieron nada<\/strong>\u00ab, agreg\u00f3 el cu\u00f1ado. Tras conocerse la noticia de su muerte hubo protestas frente a la Municipalidad, la comisar\u00eda.\u00a0<\/p>\n\n\n\n<p>En ese contexto, el gobierno provincial removi\u00f3 a la c\u00fapula de la comisar\u00eda mientras se investiga las responsabilidades de los cinco efectivos que estaban all\u00ed. Para respetar los derechos que tienen de defensa, se investiga y se van tomando actuaciones; despu\u00e9s se ver\u00e1 si se los acusa o imputa\u201d, indic\u00f3 el ministro de Seguridad de la provincia, Eugenio Aguero Gamboa.<\/p>\n\n\n\n<p>\u00abSe ha perdido una vida y&nbsp;<strong>hay que ver qu\u00e9 responsabilidad tienen en este punto<\/strong>\u201d, sostuvo, a la vez que expres\u00f3 que \u00abla fuerza policial est\u00e1 a disposici\u00f3n de la familia y la justicia para investigar. Iremos hasta las \u00faltimas consecuencias\u201d. Y que el gobernador Osvaldo Jaldo est\u00e1 \u00abmuy preocupado\u00bb por el tema y quiere que se esclarezca.<\/p>\n\n\n\n<p>Respecto a lo ocurrido, expres\u00f3 que \u201ca veces se pide a una persona que espere un momento porque el oficial no se encuentra, no niego que puede suceder esto. Todo depende del momento y la hora en la que se llegue a una comisaria, que pueden tener mucha concurrencia\u201d.<\/p>\n\n\n\n<p>Por su parte, el&nbsp;jefe de la Unidad Regional Norte (URN), Joaqu\u00edn Girvau Olleta, ratific\u00f3 que&nbsp;<strong>\u201cel polic\u00eda tiene que tomar toda la denuncia. Cualquier polic\u00eda, oficiales, jefes, deben tomar la denuncia\u201d<\/strong>. Y que Asuntos Internos de la fuerza realizar\u00e1 una investigaci\u00f3n administrativa mientras que \u201cla justicia determinar\u00e1 si hubo o no negligencia\u201d.<\/p>\n\n\n\n<p>La investigaci\u00f3n ser\u00e1 realizada por las Unidades Especiales de Delitos Complejos y de Violencia de G\u00e9nero, seg\u00fan dijo a La Gaceta el fiscal Carlos Sale, titular de la Unidad Fiscal de Homicidios II, tras confirmar que la muerte fue por suicidio. \u00abSe debe investigar si hubo incumplimiento de deberes de funcionario p\u00fablico por parte de los polic\u00edas y si hubo o no violencia de g\u00e9nero\u201d, explic\u00f3.<\/p>\n\n\n\n<p>\u201cA&nbsp;partir de la Ley Micaela todos los empleados p\u00fablicos tienen la obligaci\u00f3n de actuar con perspectiva de g\u00e9nero y con mayor raz\u00f3n un efectivo de la fuerza policial que est\u00e1 en una Unidad de Operaciones, aunque no est\u00e9 el oficial de turno\u00bb, agreg\u00f3.<\/p>\n","protected":false},"excerpt":{"rendered":"<p>Noelia Sosa\u00a0ten\u00eda 30 a\u00f1os, dos hijos y viv\u00eda en la localidad de\u00a0Trancas, Tucum\u00e1n.\u00a0El fin de semana se quit\u00f3 la vida tras haber ido hasta la comisar\u00eda\u00a0a denunciar a su pareja por\u00a0violencia de g\u00e9nero, y le respondieran que no se la pod\u00edan tomar porque\u00a0\u201cno estaba el oficial de guardia\u201d.\u00a0Familiares y vecinos se movilizaron a la municipalidad &hellip;<\/p>\n","protected":false},"author":2,"featured_media":64945,"comment_status":"open","ping_status":"open","sticky":false,"template":"","format":"standard","meta":{"_jetpack_memberships_contains_paid_content":false,"footnotes":"","jetpack_publicize_message":"","jetpack_publicize_feature_enabled":true,"jetpack_social_post_already_shared":true,"jetpack_social_options":{"image_generator_settings":{"template":"highway","default_image_id":0,"font":"","enabled":false},"version":2}},"categories":[639,8],"tags":[],"class_list":["post-64944","post","type-post","status-publish","format-standard","has-post-thumbnail","hentry","category-argentina","category-policiales"],"jetpack_publicize_connections":[],"jetpack_featured_media_url":"https:\/\/portalmovil.com.ar\/wp-content\/uploads\/2022\/10\/abeb9eea-49e8-439b-91cf-68f55444d3f8.jpg","jetpack_sharing_enabled":true,"amp_enabled":true,"_links":{"self":[{"href":"https:\/\/portalmovil.com.ar\/index.php\/wp-json\/wp\/v2\/posts\/64944","targetHints":{"allow":["GET"]}}],"collection":[{"href":"https:\/\/portalmovil.com.ar\/index.php\/wp-json\/wp\/v2\/posts"}],"about":[{"href":"https:\/\/portalmovil.com.ar\/index.php\/wp-json\/wp\/v2\/types\/post"}],"author":[{"embeddable":true,"href":"https:\/\/portalmovil.com.ar\/index.php\/wp-json\/wp\/v2\/users\/2"}],"replies":[{"embeddable":true,"href":"https:\/\/portalmovil.com.ar\/index.php\/wp-json\/wp\/v2\/comments?post=64944"}],"version-history":[{"count":1,"href":"https:\/\/portalmovil.com.ar\/index.php\/wp-json\/wp\/v2\/posts\/64944\/revisions"}],"predecessor-version":[{"id":64946,"href":"https:\/\/portalmovil.com.ar\/index.php\/wp-json\/wp\/v2\/posts\/64944\/revisions\/64946"}],"wp:featuredmedia":[{"embeddable":true,"href":"https:\/\/portalmovil.com.ar\/index.php\/wp-json\/wp\/v2\/media\/64945"}],"wp:attachment":[{"href":"https:\/\/portalmovil.com.ar\/index.php\/wp-json\/wp\/v2\/media?parent=64944"}],"wp:term":[{"taxonomy":"category","embeddable":true,"href":"https:\/\/portalmovil.com.ar\/index.php\/wp-json\/wp\/v2\/categories?post=64944"},{"taxonomy":"post_tag","embeddable":true,"href":"https:\/\/portalmovil.com.ar\/index.php\/wp-json\/wp\/v2\/tags?post=64944"}],"curies":[{"name":"wp","href":"https:\/\/api.w.org\/{rel}","templated":true}]}}