{"id":64836,"date":"2022-10-17T15:36:00","date_gmt":"2022-10-17T18:36:00","guid":{"rendered":"https:\/\/portalmovil.com.ar\/?p=64836"},"modified":"2022-10-17T15:36:04","modified_gmt":"2022-10-17T18:36:04","slug":"capitanich-presento-el-plan-quinquenal-que-promete-generar-puestos-de-trabajo","status":"publish","type":"post","link":"https:\/\/portalmovil.com.ar\/index.php\/2022\/10\/17\/capitanich-presento-el-plan-quinquenal-que-promete-generar-puestos-de-trabajo\/","title":{"rendered":"Capitanich present\u00f3 el Plan Quinquenal que promete generar puestos de trabajo"},"content":{"rendered":"\n<p>El gobernador Jorge Capitanich present\u00f3 este lunes el Plan Quinquenal 2023-2027 para el Chaco, que establece los objetivos, metas y estrategias para el desarrollo econ\u00f3mico y social de la provincia durante los pr\u00f3ximos cinco a\u00f1os. Se trata de una plataforma de trabajo para la toma de decisiones y pol\u00edticas que apunten a afianzar el proceso de crecimiento econ\u00f3mico con equidad social y sostenibilidad ambiental.<\/p>\n\n\n\n<p>\u00abQue defendamos nuestros valores, que no nos vengan a atropellar desde el centralismo porte\u00f1o. Que pongamos la provincia de pie desarrollando infraestructura regional para promover el empleo, la industria, favorecer las inversiones, integrarnos con las provincias argentinas del norte y promover que Chaco sea la gran potencia de la regi\u00f3n. De eso se trata este plan y por eso seguiremos luchando los pr\u00f3ximos cinco a\u00f1os\u00bb, asegur\u00f3 Capitanich.<\/p>\n\n\n\n<p>El Plan Quinquenal tiene tres ejes estrat\u00e9gicos: Producci\u00f3n y Empleo, Inclusi\u00f3n y Equidad Social y Gesti\u00f3n P\u00fablica de Calidad. Todas las acciones que derivan de estos ejes est\u00e1n alineadas con los objetivos del Plan Chaco 2030, con el Plan Estrat\u00e9gico Territorial (PET 2022) y se enmarcan adem\u00e1s en los objetivos de Desarrollo Sostenible 2030. Una de las metas centrales es la de lograr que Chaco sea referencia regional en materia de producci\u00f3n agroalimentaria, industrial, energ\u00e9tica, ambiental, tur\u00edstica y cultural.<\/p>\n\n\n\n<p>El primer eje, de Producci\u00f3n y Empleo, contempla: especializaci\u00f3n agroalimentaria, densificaci\u00f3n y diversificaci\u00f3n industrial, comercio y consumo, empleo y trabajo, econom\u00eda popular, turismo y deportes, sostenibilidad ambiental y manejo de cuencas h\u00eddricas.&nbsp;<\/p>\n\n\n\n<p>\u201cEl gran problema de la humanidad es la desigualdad estructural en la distribuci\u00f3n del ingreso y en la generaci\u00f3n de empleos de buena calidad y salarios competitivos. Hay una necesidad de repensar la matriz productiva para una distribuci\u00f3n m\u00e1s equitativa\u00bb, consider\u00f3 el gobernador.&nbsp;<\/p>\n\n\n\n<p>\u00abHemos logrado un gran desarrollo productivo, pero necesitamos diversificar la matriz integrando al peque\u00f1o y mediano productor con el gran productor sobre la base de cadenas de valor que permitan potenciar el empleo de buena calidad\u00bb, indic\u00f3.<\/p>\n\n\n\n<p>El segundo eje, Inclusi\u00f3n y Equidad Social, contempla infraestructura de agua potable y servicios sanitarios, infraestructura energ\u00e9tica, infraestructura vial, infraestructura portuaria, viviendas y soluciones habitacionales, acceso al suelo y al h\u00e1bitat, educaci\u00f3n, cencia y tecnolog\u00eda, cultura, salud p\u00fablica, protecci\u00f3n social, derechos humanos y g\u00e9neros y seguridad ciudadana.&nbsp;<\/p>\n\n\n\n<p>\u201cNo hay ning\u00fan pa\u00eds del mundo que pueda tener una democracia social con paz y armon\u00eda sin equidad social, sin distribuci\u00f3n equitativa del ingreso y sin igualdad de oportunidades de base intergeneracional. Este es un problema del mundo, de Argentina y de la provincia del Chaco\u201d, se\u00f1al\u00f3 el mandatario.&nbsp;<\/p>\n\n\n\n<p>Y el tercer eje, de Gesti\u00f3n P\u00fablica de Calidad, establece: planificaci\u00f3n estrat\u00e9gica del desarrollo, pol\u00edtica fiscal y tributaria, agenda digital y descentralizaci\u00f3n administrativa. \u201cQueremos una provincia con solvencia fiscal, desendeudamiento, inversi\u00f3n p\u00fablica sostenida y con calidad de gesti\u00f3n. Tenemos desaf\u00edos, tenemos que mejorar calidad de servicios p\u00fablicos que prestamos y el ejercicio de los derechos que garantizamos\u201d, expres\u00f3 Capitanich.<\/p>\n","protected":false},"excerpt":{"rendered":"<p>El gobernador Jorge Capitanich present\u00f3 este lunes el Plan Quinquenal 2023-2027 para el Chaco, que establece los objetivos, metas y estrategias para el desarrollo econ\u00f3mico y social de la provincia durante los pr\u00f3ximos cinco a\u00f1os. Se trata de una plataforma de trabajo para la toma de decisiones y pol\u00edticas que apunten a afianzar el proceso &hellip;<\/p>\n","protected":false},"author":2,"featured_media":64837,"comment_status":"open","ping_status":"open","sticky":false,"template":"","format":"standard","meta":{"_jetpack_memberships_contains_paid_content":false,"footnotes":"","jetpack_publicize_message":"","jetpack_publicize_feature_enabled":true,"jetpack_social_post_already_shared":true,"jetpack_social_options":{"image_generator_settings":{"template":"highway","default_image_id":0,"font":"","enabled":false},"version":2}},"categories":[5,14,12],"tags":[],"class_list":["post-64836","post","type-post","status-publish","format-standard","has-post-thumbnail","hentry","category-chaco","category-politica","category-ultimo"],"jetpack_publicize_connections":[],"jetpack_featured_media_url":"https:\/\/portalmovil.com.ar\/wp-content\/uploads\/2022\/10\/67dcce7f-1b8a-4325-82af-9a650f514e59.jpg","jetpack_sharing_enabled":true,"amp_enabled":true,"_links":{"self":[{"href":"https:\/\/portalmovil.com.ar\/index.php\/wp-json\/wp\/v2\/posts\/64836","targetHints":{"allow":["GET"]}}],"collection":[{"href":"https:\/\/portalmovil.com.ar\/index.php\/wp-json\/wp\/v2\/posts"}],"about":[{"href":"https:\/\/portalmovil.com.ar\/index.php\/wp-json\/wp\/v2\/types\/post"}],"author":[{"embeddable":true,"href":"https:\/\/portalmovil.com.ar\/index.php\/wp-json\/wp\/v2\/users\/2"}],"replies":[{"embeddable":true,"href":"https:\/\/portalmovil.com.ar\/index.php\/wp-json\/wp\/v2\/comments?post=64836"}],"version-history":[{"count":1,"href":"https:\/\/portalmovil.com.ar\/index.php\/wp-json\/wp\/v2\/posts\/64836\/revisions"}],"predecessor-version":[{"id":64838,"href":"https:\/\/portalmovil.com.ar\/index.php\/wp-json\/wp\/v2\/posts\/64836\/revisions\/64838"}],"wp:featuredmedia":[{"embeddable":true,"href":"https:\/\/portalmovil.com.ar\/index.php\/wp-json\/wp\/v2\/media\/64837"}],"wp:attachment":[{"href":"https:\/\/portalmovil.com.ar\/index.php\/wp-json\/wp\/v2\/media?parent=64836"}],"wp:term":[{"taxonomy":"category","embeddable":true,"href":"https:\/\/portalmovil.com.ar\/index.php\/wp-json\/wp\/v2\/categories?post=64836"},{"taxonomy":"post_tag","embeddable":true,"href":"https:\/\/portalmovil.com.ar\/index.php\/wp-json\/wp\/v2\/tags?post=64836"}],"curies":[{"name":"wp","href":"https:\/\/api.w.org\/{rel}","templated":true}]}}