{"id":64829,"date":"2022-10-17T15:23:50","date_gmt":"2022-10-17T18:23:50","guid":{"rendered":"https:\/\/portalmovil.com.ar\/?p=64829"},"modified":"2022-10-17T15:23:53","modified_gmt":"2022-10-17T18:23:53","slug":"recuperaron-una-moto-con-pedido-de-secuestro-estacionada-en-el-microcentro-de-resistencia","status":"publish","type":"post","link":"https:\/\/portalmovil.com.ar\/index.php\/2022\/10\/17\/recuperaron-una-moto-con-pedido-de-secuestro-estacionada-en-el-microcentro-de-resistencia\/","title":{"rendered":"Recuperaron una moto con pedido de secuestro estacionada en el microcentro de Resistencia"},"content":{"rendered":"\n<p>La Polic\u00eda del Chaco logr\u00f3 recuperar esta ma\u00f1ana una moto con pedido de secuestro, tras ser notificados por la Divisi\u00f3n Videovigilancia, seg\u00fan informaron desde la fuerza.<\/p>\n\n\n\n<p>Agentes de la mencionada Divisi\u00f3n, como parte de su labor, verificaron las patentes de las motocicletas estacionadas en el microcentro de Resistencia. Es as\u00ed como, cerca de las 8:30 de este lunes, advirtieron de una Honda Wave estacionada sobre calle Juan Domingo Per\u00f3n al 200, la cual, seg\u00fan indica el reporte oficial, ten\u00eda pedido de secuestro por \u201cSupuesto robo\u201d a solicitud de la comisar\u00eda Segunda de la ciudad capitalina.<\/p>\n\n\n\n<p>Los efectivos policiales, tras verificar la patente de la moto en el padr\u00f3n unificado, confirmaron el hecho e informaron a la Divisi\u00f3n Caminantes para que procedan con el secuestro del rodad. Finalmente, de acuerdo a lo informado por la Polic\u00eda de la provincia, los Caminantes arribaron al lugar y lograron recuperar la moto con pedido de secuestro.<\/p>\n","protected":false},"excerpt":{"rendered":"<p>La Polic\u00eda del Chaco logr\u00f3 recuperar esta ma\u00f1ana una moto con pedido de secuestro, tras ser notificados por la Divisi\u00f3n Videovigilancia, seg\u00fan informaron desde la fuerza. Agentes de la mencionada Divisi\u00f3n, como parte de su labor, verificaron las patentes de las motocicletas estacionadas en el microcentro de Resistencia. Es as\u00ed como, cerca de las 8:30 &hellip;<\/p>\n","protected":false},"author":2,"featured_media":64830,"comment_status":"open","ping_status":"open","sticky":false,"template":"","format":"standard","meta":{"_jetpack_memberships_contains_paid_content":false,"footnotes":"","jetpack_publicize_message":"","jetpack_publicize_feature_enabled":true,"jetpack_social_post_already_shared":true,"jetpack_social_options":{"image_generator_settings":{"template":"highway","default_image_id":0,"font":"","enabled":false},"version":2}},"categories":[8,37],"tags":[],"class_list":["post-64829","post","type-post","status-publish","format-standard","has-post-thumbnail","hentry","category-policiales","category-resistencia"],"jetpack_publicize_connections":[],"jetpack_featured_media_url":"https:\/\/portalmovil.com.ar\/wp-content\/uploads\/2022\/10\/634d9a0c19f56069648157.jpg","jetpack_sharing_enabled":true,"amp_enabled":true,"_links":{"self":[{"href":"https:\/\/portalmovil.com.ar\/index.php\/wp-json\/wp\/v2\/posts\/64829","targetHints":{"allow":["GET"]}}],"collection":[{"href":"https:\/\/portalmovil.com.ar\/index.php\/wp-json\/wp\/v2\/posts"}],"about":[{"href":"https:\/\/portalmovil.com.ar\/index.php\/wp-json\/wp\/v2\/types\/post"}],"author":[{"embeddable":true,"href":"https:\/\/portalmovil.com.ar\/index.php\/wp-json\/wp\/v2\/users\/2"}],"replies":[{"embeddable":true,"href":"https:\/\/portalmovil.com.ar\/index.php\/wp-json\/wp\/v2\/comments?post=64829"}],"version-history":[{"count":2,"href":"https:\/\/portalmovil.com.ar\/index.php\/wp-json\/wp\/v2\/posts\/64829\/revisions"}],"predecessor-version":[{"id":64832,"href":"https:\/\/portalmovil.com.ar\/index.php\/wp-json\/wp\/v2\/posts\/64829\/revisions\/64832"}],"wp:featuredmedia":[{"embeddable":true,"href":"https:\/\/portalmovil.com.ar\/index.php\/wp-json\/wp\/v2\/media\/64830"}],"wp:attachment":[{"href":"https:\/\/portalmovil.com.ar\/index.php\/wp-json\/wp\/v2\/media?parent=64829"}],"wp:term":[{"taxonomy":"category","embeddable":true,"href":"https:\/\/portalmovil.com.ar\/index.php\/wp-json\/wp\/v2\/categories?post=64829"},{"taxonomy":"post_tag","embeddable":true,"href":"https:\/\/portalmovil.com.ar\/index.php\/wp-json\/wp\/v2\/tags?post=64829"}],"curies":[{"name":"wp","href":"https:\/\/api.w.org\/{rel}","templated":true}]}}