{"id":64698,"date":"2022-10-14T17:49:56","date_gmt":"2022-10-14T20:49:56","guid":{"rendered":"https:\/\/portalmovil.com.ar\/?p=64698"},"modified":"2022-10-14T17:50:00","modified_gmt":"2022-10-14T20:50:00","slug":"caso-barreto-solicitan-que-se-revea-la-caratula-contra-los-acusados-del-crimen","status":"publish","type":"post","link":"https:\/\/portalmovil.com.ar\/index.php\/2022\/10\/14\/caso-barreto-solicitan-que-se-revea-la-caratula-contra-los-acusados-del-crimen\/","title":{"rendered":"Caso Barreto: solicitan que se revea la car\u00e1tula contra los acusados del crimen"},"content":{"rendered":"\n<p>La causa fue calificada por la Fiscal\u00eda como homicidio preterintencional, por lo que desde el Estado chaque\u00f1o indicaron que se contrapone a lo expuesto en los ex\u00e1menes m\u00e9dico legales realizados bajo protocolos recomendados por el Alto Comisionado de las Naciones Unidas para los Derechos Humanos.<\/p>\n\n\n\n<p>Desde la Secretaria de Derechos Humanos y G\u00e9neros de la Provincia y el Comit\u00e9 Para la Prevenci\u00f3n de la Tortura se opusieron al requerimiento a juicio de la Causa Barreto, solicitada por el Fiscal Daniel Turraca. Desde el organismo expresaron que, la calificaci\u00f3n del fiscal al caso como homicidio preterintencional se contrapone con lo expuesto a partir de la autopsia realizada de acuerdo al Protocolo de Minnesota.<\/p>\n\n\n\n<p>Este martes, desde la Fiscal\u00eda especializada en Derechos Humanos requirieron a juicio la causa que investiga la muerte de Diego Emanuel Barreto. \u201cDesde la querella de la Secretar\u00eda de Derechos Humanos y G\u00e9neros, bajo el patrocinio letrado de la abogada Romina Duarte, se decidi\u00f3 la oposici\u00f3n al mencionado requerimiento entendiendo que los imputados obraron con intencionalidad en su accionar\u201d, se\u00f1alaron desde el organismo y aseguraron que tomaron contacto con familiares de la v\u00edctima y se seguir\u00e1 realizando el seguimiento y acompa\u00f1amiento psicol\u00f3gico y legal.<\/p>\n\n\n\n<p>La subsecretaria de Derechos Humanos Nayla Bosch mantuvo un encuentro con Anal\u00eda Ojeda, madre de Barreto, con quien se comprometi\u00f3 a continuar brindando de manera permanente asistencia legal y prestar contenci\u00f3n y acompa\u00f1amiento psicol\u00f3gico durante este proceso. En este sentido, tambi\u00e9n se encuentra trabajando la Mesa de Lucha contra la Violencia Institucional encabezada por el gobernador Jorge Capitanich, coordinada por la Secretar\u00eda de DDHH y G\u00e9neros, con la participaci\u00f3n de representantes de los tres poderes de Estado y familiares de la v\u00edctima.<\/p>\n\n\n\n<p>Los hechos que investiga la causa, que tiene a la Secretar\u00eda de Derechos Humanos y G\u00e9neros del Chaco como querellante, sucedieron el pasado 13 de febrero del 2020, cuando de acuerdo a relatos de testigos, efectivos policiales de Resistencia aprehendieron en la v\u00eda p\u00fablica a Barreto sin motivo aparente. Tras una seguidilla de severos golpes y forcejeos, lo habr\u00edan reducido con extrema violencia. Al llegar un m\u00f3vil asistencial de ambulancia, se constat\u00f3 que Barreto se encontraba sin vida.<\/p>\n\n\n\n<p>De acuerdo a los ex\u00e1menes de autopsia, como se mencion\u00f3, se comprob\u00f3 que su cuerpo ten\u00eda varias lesiones y que la causa directa de muerte fue asfixia mec\u00e1nica por comprensi\u00f3n de cuello.<\/p>\n","protected":false},"excerpt":{"rendered":"<p>La causa fue calificada por la Fiscal\u00eda como homicidio preterintencional, por lo que desde el Estado chaque\u00f1o indicaron que se contrapone a lo expuesto en los ex\u00e1menes m\u00e9dico legales realizados bajo protocolos recomendados por el Alto Comisionado de las Naciones Unidas para los Derechos Humanos. Desde la Secretaria de Derechos Humanos y G\u00e9neros de la &hellip;<\/p>\n","protected":false},"author":2,"featured_media":64699,"comment_status":"open","ping_status":"open","sticky":false,"template":"","format":"standard","meta":{"_jetpack_memberships_contains_paid_content":false,"footnotes":"","jetpack_publicize_message":"","jetpack_publicize_feature_enabled":true,"jetpack_social_post_already_shared":true,"jetpack_social_options":{"image_generator_settings":{"template":"highway","default_image_id":0,"font":"","enabled":false},"version":2}},"categories":[5,50],"tags":[],"class_list":["post-64698","post","type-post","status-publish","format-standard","has-post-thumbnail","hentry","category-chaco","category-judiciales"],"jetpack_publicize_connections":[],"jetpack_featured_media_url":"https:\/\/portalmovil.com.ar\/wp-content\/uploads\/2022\/10\/imputadosbarretzzzz-1100x878-1-696x556-1.jpg","jetpack_sharing_enabled":true,"amp_enabled":true,"_links":{"self":[{"href":"https:\/\/portalmovil.com.ar\/index.php\/wp-json\/wp\/v2\/posts\/64698","targetHints":{"allow":["GET"]}}],"collection":[{"href":"https:\/\/portalmovil.com.ar\/index.php\/wp-json\/wp\/v2\/posts"}],"about":[{"href":"https:\/\/portalmovil.com.ar\/index.php\/wp-json\/wp\/v2\/types\/post"}],"author":[{"embeddable":true,"href":"https:\/\/portalmovil.com.ar\/index.php\/wp-json\/wp\/v2\/users\/2"}],"replies":[{"embeddable":true,"href":"https:\/\/portalmovil.com.ar\/index.php\/wp-json\/wp\/v2\/comments?post=64698"}],"version-history":[{"count":1,"href":"https:\/\/portalmovil.com.ar\/index.php\/wp-json\/wp\/v2\/posts\/64698\/revisions"}],"predecessor-version":[{"id":64700,"href":"https:\/\/portalmovil.com.ar\/index.php\/wp-json\/wp\/v2\/posts\/64698\/revisions\/64700"}],"wp:featuredmedia":[{"embeddable":true,"href":"https:\/\/portalmovil.com.ar\/index.php\/wp-json\/wp\/v2\/media\/64699"}],"wp:attachment":[{"href":"https:\/\/portalmovil.com.ar\/index.php\/wp-json\/wp\/v2\/media?parent=64698"}],"wp:term":[{"taxonomy":"category","embeddable":true,"href":"https:\/\/portalmovil.com.ar\/index.php\/wp-json\/wp\/v2\/categories?post=64698"},{"taxonomy":"post_tag","embeddable":true,"href":"https:\/\/portalmovil.com.ar\/index.php\/wp-json\/wp\/v2\/tags?post=64698"}],"curies":[{"name":"wp","href":"https:\/\/api.w.org\/{rel}","templated":true}]}}