{"id":64474,"date":"2022-10-10T23:09:48","date_gmt":"2022-10-11T02:09:48","guid":{"rendered":"https:\/\/portalmovil.com.ar\/?p=64474"},"modified":"2022-10-10T23:09:51","modified_gmt":"2022-10-11T02:09:51","slug":"anuncian-un-paro-de-colectivos-por-48-horas-para-este-miercoles-y-jueves","status":"publish","type":"post","link":"https:\/\/portalmovil.com.ar\/index.php\/2022\/10\/10\/anuncian-un-paro-de-colectivos-por-48-horas-para-este-miercoles-y-jueves\/","title":{"rendered":"Anuncian un paro de colectivos por 48 horas para este mi\u00e9rcoles y jueves"},"content":{"rendered":"\n<p>La Uni\u00f3n Tranviarios Automotor (<strong>UTA<\/strong>) decret\u00f3 un\u00a0paro total de actividades para\u00a0el mi\u00e9rcoles 12 y el jueves 13 de octubre\u00a0que impactar\u00e1 en el servicio de transporte urbano de pasajeros de todo el pais.<\/p>\n\n\n\n<p>Al haberse agotado el plazo de conciliaci\u00f3n obligatoria y no avizorar nuevos avances en las negociaciones salariales, el gremio decidi\u00f3 en las \u00faltimas horas llamar a una medida de fuerza para presionar a los gobernantes.<\/p>\n\n\n\n<p>\u00abLos Gobernantes ser\u00e1n los responsables de los mismos, atento la negativa a acordar salarios para los compa\u00f1eros representados\u00bb, apuntaron desde <strong>UNION TRANVIARIOS AUTOMOTOR<\/strong>.<\/p>\n\n\n\n<figure class=\"wp-block-image size-full\"><img loading=\"lazy\" decoding=\"async\" width=\"695\" height=\"960\" src=\"https:\/\/portalmovil.com.ar\/wp-content\/uploads\/2022\/10\/309379013_1973790769477913_5583796862332596533_n.jpg\" alt=\"\" class=\"wp-image-64475\" srcset=\"https:\/\/portalmovil.com.ar\/wp-content\/uploads\/2022\/10\/309379013_1973790769477913_5583796862332596533_n.jpg 695w, https:\/\/portalmovil.com.ar\/wp-content\/uploads\/2022\/10\/309379013_1973790769477913_5583796862332596533_n-217x300.jpg 217w\" sizes=\"auto, (max-width: 695px) 100vw, 695px\" \/><\/figure>\n","protected":false},"excerpt":{"rendered":"<p>La Uni\u00f3n Tranviarios Automotor (UTA) decret\u00f3 un\u00a0paro total de actividades para\u00a0el mi\u00e9rcoles 12 y el jueves 13 de octubre\u00a0que impactar\u00e1 en el servicio de transporte urbano de pasajeros de todo el pais. Al haberse agotado el plazo de conciliaci\u00f3n obligatoria y no avizorar nuevos avances en las negociaciones salariales, el gremio decidi\u00f3 en las \u00faltimas &hellip;<\/p>\n","protected":false},"author":2,"featured_media":64476,"comment_status":"open","ping_status":"open","sticky":false,"template":"","format":"standard","meta":{"_jetpack_memberships_contains_paid_content":false,"footnotes":"","jetpack_publicize_message":"","jetpack_publicize_feature_enabled":true,"jetpack_social_post_already_shared":true,"jetpack_social_options":{"image_generator_settings":{"template":"highway","default_image_id":0,"font":"","enabled":false},"version":2}},"categories":[639,14],"tags":[],"class_list":["post-64474","post","type-post","status-publish","format-standard","has-post-thumbnail","hentry","category-argentina","category-politica"],"jetpack_publicize_connections":[],"jetpack_featured_media_url":"https:\/\/portalmovil.com.ar\/wp-content\/uploads\/2022\/10\/Colectivos_Ersa-696x486-1.jpg","jetpack_sharing_enabled":true,"amp_enabled":true,"_links":{"self":[{"href":"https:\/\/portalmovil.com.ar\/index.php\/wp-json\/wp\/v2\/posts\/64474","targetHints":{"allow":["GET"]}}],"collection":[{"href":"https:\/\/portalmovil.com.ar\/index.php\/wp-json\/wp\/v2\/posts"}],"about":[{"href":"https:\/\/portalmovil.com.ar\/index.php\/wp-json\/wp\/v2\/types\/post"}],"author":[{"embeddable":true,"href":"https:\/\/portalmovil.com.ar\/index.php\/wp-json\/wp\/v2\/users\/2"}],"replies":[{"embeddable":true,"href":"https:\/\/portalmovil.com.ar\/index.php\/wp-json\/wp\/v2\/comments?post=64474"}],"version-history":[{"count":1,"href":"https:\/\/portalmovil.com.ar\/index.php\/wp-json\/wp\/v2\/posts\/64474\/revisions"}],"predecessor-version":[{"id":64477,"href":"https:\/\/portalmovil.com.ar\/index.php\/wp-json\/wp\/v2\/posts\/64474\/revisions\/64477"}],"wp:featuredmedia":[{"embeddable":true,"href":"https:\/\/portalmovil.com.ar\/index.php\/wp-json\/wp\/v2\/media\/64476"}],"wp:attachment":[{"href":"https:\/\/portalmovil.com.ar\/index.php\/wp-json\/wp\/v2\/media?parent=64474"}],"wp:term":[{"taxonomy":"category","embeddable":true,"href":"https:\/\/portalmovil.com.ar\/index.php\/wp-json\/wp\/v2\/categories?post=64474"},{"taxonomy":"post_tag","embeddable":true,"href":"https:\/\/portalmovil.com.ar\/index.php\/wp-json\/wp\/v2\/tags?post=64474"}],"curies":[{"name":"wp","href":"https:\/\/api.w.org\/{rel}","templated":true}]}}