{"id":6432,"date":"2020-05-15T11:31:36","date_gmt":"2020-05-15T14:31:36","guid":{"rendered":"http:\/\/portalmovil.com.ar\/?p=6432"},"modified":"2020-05-15T11:31:41","modified_gmt":"2020-05-15T14:31:41","slug":"jujuy-sera-la-primera-provincia-en-reabrir-el-turismo-local-en-argentina","status":"publish","type":"post","link":"https:\/\/portalmovil.com.ar\/index.php\/2020\/05\/15\/jujuy-sera-la-primera-provincia-en-reabrir-el-turismo-local-en-argentina\/","title":{"rendered":"JUJUY: ser\u00e1 la primera provincia en reabrir el turismo local en Argentina"},"content":{"rendered":"\n<p>Jujuy\u00a0ser\u00e1 la primera provincia en reabrir el turismo local\u00a0desde que se inici\u00f3 el aislamiento social, preventivo y obligatorio,\u00a0al adelantar para el viernes 22 de este mes\u00a0las salidas tur\u00edsticas para residentes en su territorio,\u00a0informaron autoridades del gobierno provincial.<\/p>\n\n\n\n<p>Se trata del programa\u00a0\u201cJujuy para los juje\u00f1os\u201d\u00a0que permite a los ciudadanos\u00a0hacer turismo en las cuatro regiones de la provincia con el estricto cumplimiento de protocolos\u00a0para movilizarse de un lugar a otro.<\/p>\n\n\n\n<p>En el informe diario del\u00a0Comit\u00e9 Operativo de Emergencias (COE), el ministro de Cultura y Turismo provincial,\u00a0Federico Posadas,\u00a0se\u00f1al\u00f3 que\u00a0\u201cse ha tomado la decisi\u00f3n de adelantar el turismo local para el pr\u00f3ximo viernes (22 de mayo)\u201d, y destac\u00f3 que ser\u00e1 \u00abla primera provincia en adelantar el turismo de cercan\u00eda\u201d.<\/p>\n\n\n\n<p>Tras informar que se elev\u00f3 a la Jefatura de Gabinete Nacional la aprobaci\u00f3n de los protocolos, el funcionario enfatiz\u00f3:\u00a0<strong>\u201cHemos comenzado de alguna manera la experiencia con los protocolos de gastronom\u00eda\u201d.<\/strong><\/p>\n\n\n\n<figure class=\"wp-block-embed-twitter wp-block-embed is-type-rich is-provider-twitter\"><div class=\"wp-block-embed__wrapper\">\n<div class=\"embed-twitter\"><blockquote class=\"twitter-tweet\" data-width=\"500\" data-dnt=\"true\"><p lang=\"es\" dir=\"ltr\">Turismo en Jujuy: protocolos de higiene y seguridad COVID-19 para las actividades del sector. <a href=\"https:\/\/t.co\/GwOKPqzcSY\">https:\/\/t.co\/GwOKPqzcSY<\/a> <a href=\"https:\/\/t.co\/u3oMNRmA7R\">pic.twitter.com\/u3oMNRmA7R<\/a><\/p>&mdash; Gobierno de Jujuy (@GobiernoJujuy) <a href=\"https:\/\/twitter.com\/GobiernoJujuy\/status\/1260983462410018817?ref_src=twsrc%5Etfw\">May 14, 2020<\/a><\/blockquote><script async src=\"https:\/\/platform.twitter.com\/widgets.js\" charset=\"utf-8\"><\/script><\/div>\n<\/div><\/figure>\n\n\n\n<p>Los pobladores podr\u00e1n acceder a los servicios de transporte y autom\u00f3viles rentados, hoteler\u00eda, gastronom\u00eda, guiados tur\u00edsticos y turismo activo, entre otras actividades, dijo Posadas.\u00a0\u201cEl mercado juje\u00f1o para el turismo represent\u00f3 entre un 10% y 15% del mercado global y estamos seguros que esto va a aumentar, porque antes los ciudadanos se iban afuera y ahora es la \u00fanica opci\u00f3n\u201d,\u00a0consider\u00f3.<\/p>\n\n\n\n<p>El gobernador juje\u00f1o,\u00a0Gerardo Morales, record\u00f3 cuando inici\u00f3 la\u00a0cuarentena\u00a0que \u201cquedaron en la provincia 600 turistas extranjeros\u201d\u00a0y requiri\u00f3 a sus habitantes que\u00a0\u201centre nosotros no nos cobremos en d\u00f3lares\u201d.<\/p>\n\n\n\n<p>El protocolo en los locales gastron\u00f3micos determina normas generales de aseo e higiene personal para todos los \u00e1mbitos, adem\u00e1s de otras particulares para cada sector. Algunas son para el ingreso y salida, que\u00a0en caso de ser una \u00fanica puerta debe estar dividida para evitar el contacto cercano entre los clientes que entran y salen, \u00abcon cintas adhesivas u otro m\u00e9todo\u00bb.<\/p>\n\n\n\n<p>Asimismo, se deber\u00e1n respetar los permisos de salidas seg\u00fan la terminaci\u00f3n del DNI, en forma alternada entre pares e impares; el uso del tapabocas y el distanciamiento entre las personas.<\/p>\n","protected":false},"excerpt":{"rendered":"<p>Jujuy\u00a0ser\u00e1 la primera provincia en reabrir el turismo local\u00a0desde que se inici\u00f3 el aislamiento social, preventivo y obligatorio,\u00a0al adelantar para el viernes 22 de este mes\u00a0las salidas tur\u00edsticas para residentes en su territorio,\u00a0informaron autoridades del gobierno provincial. Se trata del programa\u00a0\u201cJujuy para los juje\u00f1os\u201d\u00a0que permite a los ciudadanos\u00a0hacer turismo en las cuatro regiones de la &hellip;<\/p>\n","protected":false},"author":2,"featured_media":6433,"comment_status":"open","ping_status":"open","sticky":false,"template":"","format":"standard","meta":{"_jetpack_memberships_contains_paid_content":false,"footnotes":"","jetpack_publicize_message":"","jetpack_publicize_feature_enabled":true,"jetpack_social_post_already_shared":true,"jetpack_social_options":{"image_generator_settings":{"template":"highway","default_image_id":0,"font":"","enabled":false},"version":2}},"categories":[3],"tags":[],"class_list":["post-6432","post","type-post","status-publish","format-standard","has-post-thumbnail","hentry","category-sociedad"],"jetpack_publicize_connections":[],"jetpack_featured_media_url":"https:\/\/portalmovil.com.ar\/wp-content\/uploads\/2020\/05\/715x402_340906_20200115085433.jpg","jetpack_sharing_enabled":true,"amp_enabled":true,"_links":{"self":[{"href":"https:\/\/portalmovil.com.ar\/index.php\/wp-json\/wp\/v2\/posts\/6432","targetHints":{"allow":["GET"]}}],"collection":[{"href":"https:\/\/portalmovil.com.ar\/index.php\/wp-json\/wp\/v2\/posts"}],"about":[{"href":"https:\/\/portalmovil.com.ar\/index.php\/wp-json\/wp\/v2\/types\/post"}],"author":[{"embeddable":true,"href":"https:\/\/portalmovil.com.ar\/index.php\/wp-json\/wp\/v2\/users\/2"}],"replies":[{"embeddable":true,"href":"https:\/\/portalmovil.com.ar\/index.php\/wp-json\/wp\/v2\/comments?post=6432"}],"version-history":[{"count":1,"href":"https:\/\/portalmovil.com.ar\/index.php\/wp-json\/wp\/v2\/posts\/6432\/revisions"}],"predecessor-version":[{"id":6434,"href":"https:\/\/portalmovil.com.ar\/index.php\/wp-json\/wp\/v2\/posts\/6432\/revisions\/6434"}],"wp:featuredmedia":[{"embeddable":true,"href":"https:\/\/portalmovil.com.ar\/index.php\/wp-json\/wp\/v2\/media\/6433"}],"wp:attachment":[{"href":"https:\/\/portalmovil.com.ar\/index.php\/wp-json\/wp\/v2\/media?parent=6432"}],"wp:term":[{"taxonomy":"category","embeddable":true,"href":"https:\/\/portalmovil.com.ar\/index.php\/wp-json\/wp\/v2\/categories?post=6432"},{"taxonomy":"post_tag","embeddable":true,"href":"https:\/\/portalmovil.com.ar\/index.php\/wp-json\/wp\/v2\/tags?post=6432"}],"curies":[{"name":"wp","href":"https:\/\/api.w.org\/{rel}","templated":true}]}}