{"id":6415,"date":"2020-05-14T20:33:53","date_gmt":"2020-05-14T23:33:53","guid":{"rendered":"http:\/\/portalmovil.com.ar\/?p=6415"},"modified":"2020-05-14T20:33:57","modified_gmt":"2020-05-14T23:33:57","slug":"fernandez-anuncio-una-inversion-de-29-mil-millones-para-creditos-para-viviendas","status":"publish","type":"post","link":"https:\/\/portalmovil.com.ar\/index.php\/2020\/05\/14\/fernandez-anuncio-una-inversion-de-29-mil-millones-para-creditos-para-viviendas\/","title":{"rendered":"Fern\u00e1ndez anunci\u00f3 una inversi\u00f3n de 29 mil millones para cr\u00e9ditos para viviendas"},"content":{"rendered":"\n<p>El presidente Alberto Fern\u00e1ndez asegur\u00f3 que poner en marcha un plan de viviendas \u00abno necesita m\u00e1s que la decisi\u00f3n pol\u00edtica de hacerlo\u00bb y destac\u00f3 que adem\u00e1s es una gran generador de empleo, sobre todo en el marco de la pandemia y la falta de actividad y tambi\u00e9n con los cuidados necesarios, en una conferencia de prensa que brind\u00f3 en la residencia de Olivos.<\/p>\n\n\n\n<p>Fern\u00e1ndez anunci\u00f3 hoy que se destinar\u00e1n 29 mil millones de pesos para cr\u00e9ditos para construcci\u00f3n y refacci\u00f3n de viviendas, en un \u00abambicioso\u00bb proyecto que prev\u00e9 generar unos 750 mil puestos de trabajo hasta fin de a\u00f1o.<\/p>\n\n\n\n<p>Asegur\u00f3 que es \u00abimprescindible\u00bb recuperar el valor de la \u00absolidaridad\u00bb y dijo que esta pandemia \u00abdemostr\u00f3 lo poco solidarios\u00bb que fue la Argentina dejando al menos a 9 millones de personas que estaban \u00absin v\u00ednculo con el Estado\u00bb y dej\u00f3 claro que con el plan de viviendas est\u00e1 la Naci\u00f3n \u00abrecuperando ese concepto\u00bb, ya que permite que alguien tenga \u00abun ba\u00f1o digno, una habitaci\u00f3n m\u00e1s o construir su propia casa\u00bb.<\/p>\n\n\n\n<p>El Presidente rechaz\u00f3 la teor\u00eda de la \u00abmeritocracia\u00bb y advirti\u00f3 que una persona \u00abmuy inteligente que nace en la pobreza no tiene las mismas posibilidades que un mediocre nacido en la riqueza\u00bb y, por eso, remarc\u00f3 que \u00abla solidaridad es fundamental para que todos tengan la misma oportunidad\u00bb.<\/p>\n\n\n\n<figure class=\"wp-block-embed-twitter wp-block-embed is-type-rich is-provider-twitter\"><div class=\"wp-block-embed__wrapper\">\n<div class=\"embed-twitter\"><blockquote class=\"twitter-tweet\" data-width=\"500\" data-dnt=\"true\"><p lang=\"es\" dir=\"ltr\">El Gobierno present\u00f3 el programa <a href=\"https:\/\/twitter.com\/hashtag\/ArgentinaConstruye?src=hash&amp;ref_src=twsrc%5Etfw\">#ArgentinaConstruye<\/a> para impulsar obras de viviendas, infraestructura b\u00e1sica y compra de materiales.<br><br>Con este plan, el Estado genera m\u00e1s empleo genuino para los argentinos y las argentinas.<a href=\"https:\/\/twitter.com\/hashtag\/ArgentinaUnida?src=hash&amp;ref_src=twsrc%5Etfw\">#ArgentinaUnida<\/a> <a href=\"https:\/\/t.co\/LQPBgHcJ4S\">pic.twitter.com\/LQPBgHcJ4S<\/a><\/p>&mdash; Casa Rosada (@CasaRosada) <a href=\"https:\/\/twitter.com\/CasaRosada\/status\/1261058971982536704?ref_src=twsrc%5Etfw\">May 14, 2020<\/a><\/blockquote><script async src=\"https:\/\/platform.twitter.com\/widgets.js\" charset=\"utf-8\"><\/script><\/div>\n<\/div><\/figure>\n","protected":false},"excerpt":{"rendered":"<p>El presidente Alberto Fern\u00e1ndez asegur\u00f3 que poner en marcha un plan de viviendas \u00abno necesita m\u00e1s que la decisi\u00f3n pol\u00edtica de hacerlo\u00bb y destac\u00f3 que adem\u00e1s es una gran generador de empleo, sobre todo en el marco de la pandemia y la falta de actividad y tambi\u00e9n con los cuidados necesarios, en una conferencia de &hellip;<\/p>\n","protected":false},"author":2,"featured_media":6416,"comment_status":"open","ping_status":"open","sticky":false,"template":"","format":"standard","meta":{"_jetpack_memberships_contains_paid_content":false,"footnotes":"","jetpack_publicize_message":"","jetpack_publicize_feature_enabled":true,"jetpack_social_post_already_shared":true,"jetpack_social_options":{"image_generator_settings":{"template":"highway","default_image_id":0,"font":"","enabled":false},"version":2}},"categories":[14],"tags":[],"class_list":["post-6415","post","type-post","status-publish","format-standard","has-post-thumbnail","hentry","category-politica"],"jetpack_publicize_connections":[],"jetpack_featured_media_url":"https:\/\/portalmovil.com.ar\/wp-content\/uploads\/2020\/05\/2020041722065000_1.jpg","jetpack_sharing_enabled":true,"amp_enabled":true,"_links":{"self":[{"href":"https:\/\/portalmovil.com.ar\/index.php\/wp-json\/wp\/v2\/posts\/6415","targetHints":{"allow":["GET"]}}],"collection":[{"href":"https:\/\/portalmovil.com.ar\/index.php\/wp-json\/wp\/v2\/posts"}],"about":[{"href":"https:\/\/portalmovil.com.ar\/index.php\/wp-json\/wp\/v2\/types\/post"}],"author":[{"embeddable":true,"href":"https:\/\/portalmovil.com.ar\/index.php\/wp-json\/wp\/v2\/users\/2"}],"replies":[{"embeddable":true,"href":"https:\/\/portalmovil.com.ar\/index.php\/wp-json\/wp\/v2\/comments?post=6415"}],"version-history":[{"count":1,"href":"https:\/\/portalmovil.com.ar\/index.php\/wp-json\/wp\/v2\/posts\/6415\/revisions"}],"predecessor-version":[{"id":6417,"href":"https:\/\/portalmovil.com.ar\/index.php\/wp-json\/wp\/v2\/posts\/6415\/revisions\/6417"}],"wp:featuredmedia":[{"embeddable":true,"href":"https:\/\/portalmovil.com.ar\/index.php\/wp-json\/wp\/v2\/media\/6416"}],"wp:attachment":[{"href":"https:\/\/portalmovil.com.ar\/index.php\/wp-json\/wp\/v2\/media?parent=6415"}],"wp:term":[{"taxonomy":"category","embeddable":true,"href":"https:\/\/portalmovil.com.ar\/index.php\/wp-json\/wp\/v2\/categories?post=6415"},{"taxonomy":"post_tag","embeddable":true,"href":"https:\/\/portalmovil.com.ar\/index.php\/wp-json\/wp\/v2\/tags?post=6415"}],"curies":[{"name":"wp","href":"https:\/\/api.w.org\/{rel}","templated":true}]}}