{"id":6408,"date":"2020-05-14T16:22:17","date_gmt":"2020-05-14T19:22:17","guid":{"rendered":"http:\/\/portalmovil.com.ar\/?p=6408"},"modified":"2020-05-14T16:22:22","modified_gmt":"2020-05-14T19:22:22","slug":"capitanich-solicito-a-nacion-multiples-gestiones-para-el-chaco","status":"publish","type":"post","link":"https:\/\/portalmovil.com.ar\/index.php\/2020\/05\/14\/capitanich-solicito-a-nacion-multiples-gestiones-para-el-chaco\/","title":{"rendered":"Capitanich solicit\u00f3 a Naci\u00f3n  m\u00faltiples gestiones para el Chaco"},"content":{"rendered":"\n<p>El gobernador chaque\u00f1o viaj\u00f3 este jueves a Buenos Aires, donde mantuvo reuniones de trabajo con el ministro de Obras P\u00fablicas de la Naci\u00f3n, Gabriel Katopodis, el ministro de Educaci\u00f3n de la Naci\u00f3n, Nicol\u00e1s Trotta, la titular de Anses Fernanda Raverta, y la secretaria de Provincias del Ministerio de Interior Silvina Batakis.<\/p>\n\n\n\n<p>Con Gabriel Katopodis avanz\u00f3 en el impulso de la agenda de infraestructura con 13 puntos que involucran obras h\u00eddricas, viales, preventivas, acceso a puertos, defensas, redes de agua potable y cloacas, entre otros proyectos fundamentales para el desarrollo con integraci\u00f3n social de la provincia. El objetivo: ampliar el acceso a servicios esenciales, atendiendo inequidades territoriales y generando empleo mediante la reactivaci\u00f3n econ\u00f3mica con apoyo a las empresas chaque\u00f1as.<\/p>\n\n\n\n<p>Capitanich present\u00f3 el plan de inversiones del estado provincial chaque\u00f1o, que alcanzar\u00e1 los 65.000 millones de pesos de inversi\u00f3n en el per\u00edodo 2020-2023. En su primera etapa, las obras incluyen la finalizaci\u00f3n del segundo acueducto del interior, con una inversi\u00f3n de 100 millones de d\u00f3lares para proveer de agua potable a 26 localidades y a 400.000 familias.&nbsp;Tambi\u00e9n la terminaci\u00f3n de la l\u00ednea de alta tensi\u00f3n de 500 Kv que une la localidad correntina de Rinc\u00f3n Santa Mar\u00eda con Puerto Bastiani, en Chaco, y la l\u00ednea de alta tensi\u00f3n de 130 Kv que une Puerto Bastiani con Puerto Vilelas.<\/p>\n\n\n\n<p>El acueducto de El Impenetrable es otro de los proyectos gestionados. La obra proveer\u00e1 agua potable a una zona hist\u00f3ricamente postergada de la provincia, que unir\u00e1 al r\u00edo Teuco con El Pintado, Wich\u00ed, Sauzal, y Misi\u00f3n Nueva Pompeya con centros de distribuci\u00f3n, cisternas y plantas potabilizadoras.<\/p>\n\n\n\n<p>En materia de infraestructura vial, el mandatario chaque\u00f1o present\u00f3 como prioridades la finalizaci\u00f3n de la autov\u00eda urbana de la ruta nacional 11 en la ciudad de Resistencia, la obra de la ruta provincial 7 que une Colonias Unidas con Presidencia de la Plaza, junto a un plan de obras para la ejecuci\u00f3n de 1.000 cuadras de pavimento urbano, y otro plan para la construcci\u00f3n de accesos a diversas localidades que prev\u00e9 alcanzar 100 kil\u00f3metros de rutas pavimentadas.<\/p>\n\n\n\n<p>El acceso a puertos tambi\u00e9n fue un eje en el encuentro. Continuaron las gestiones para el acceso al Puerto Las Palmas, con financiamiento de FONPLATA aprobado por 10,8 millones de d\u00f3lares y el acceso al Puerto de Barranqueras, gestionado a trav\u00e9s del Fondo Fiduciario Federal de Infraestructura Regional, tambi\u00e9n con financiamiento de FONPLATA. Otros puntos fueron un plan de obras para la ejecuci\u00f3n de 7.000 viviendas urbanas y rurales, la construcci\u00f3n de una nueva sede del Juzgado Federal de Resistencia y el plan de obras para para el reemplazo de 50.000 luminarias por l\u00e1mparas LED en diversas localidades.<\/p>\n\n\n\n<h3 class=\"wp-block-heading\">Reprogramaci\u00f3n de deuda ante Anses<\/h3>\n\n\n\n<p>Con la nueva titular de Anses, Fernanda Raverta, el mandatario chaque\u00f1o trabaj\u00f3 una agenda bilateral respecto al pago de IFE, la habilitaci\u00f3n de dos nuevas oficinas de la Unidad de Atenci\u00f3n Integral (UDAI) en Resistencia y Fontana, la ejecuci\u00f3n de dos edificios Procrear a partir de septiembre, la compensaci\u00f3n del d\u00e9ficit previsional y la reprogramaci\u00f3n del flujo financiero del FGS en el per\u00edodo 2020-2023.<\/p>\n\n\n\n<p>Adem\u00e1s, Capitanich present\u00f3 alternativas de renegociaci\u00f3n de la deuda p\u00fablica provincial mediante la emisi\u00f3n de bonos a 2024. En cuanto al financiamiento de la caja previsional provincial, el mandatario solicit\u00f3 que se incluya en el beneficio otorgado por el Decreto Nacional N\u00b0691\/2019 referido al financiamiento para cajas previsionales provinciales que no hayan sido transferidas al Estado nacional. El monto estimado de financiamiento es de $3.000 millones de pesos. Adem\u00e1s, en relaci\u00f3n al Fondo de Garant\u00eda de Sustentabilidad, el mandatario chaque\u00f1o present\u00f3 una propuesta de reestructuraci\u00f3n de pagos con perspectiva a diez a\u00f1os<\/p>\n\n\n\n<h3 class=\"wp-block-heading\">Inversi\u00f3n para mejorar el sistema educativo<\/h3>\n\n\n\n<figure class=\"wp-block-image\"><img decoding=\"async\" src=\"http:\/\/agenciafoco.com.ar\/media\/cache\/quality\/uploads\/noticias\/5ebd955651601295640888.jpeg\" alt=\"\"\/><\/figure>\n\n\n\n<p>El gobernador chaque\u00f1o tambi\u00e9n se reuni\u00f3 en Buenos Aires con el ministro de Educaci\u00f3n Nicol\u00e1s Trotta.<\/p>\n\n\n\n<p>Con el ministro de Educaci\u00f3n Nicol\u00e1s Trotta, el gobernador chaque\u00f1o avanz\u00f3 en una agenda bilateral para la refacci\u00f3n de edificios escolares, fortalecimiento de las capacidades institucionales para la educaci\u00f3n digital extendida y ampliaci\u00f3n del per\u00edodo de incentivo docente con el objetivo de preparar al sistema educativo para el reinicio del ciclo lectivo cuando las condiciones lo permitan.<\/p>\n\n\n\n<p>Capitanich present\u00f3 el proyecto de Inversi\u00f3n social en educaci\u00f3n p\u00fablica, ciencia y tecnolog\u00eda para la provincia, que tiene como objetivo mejorar el sistema educativo mediante la inversi\u00f3n en infraestructura escolar, eficientizando los procesos administrativos y el fortalecimiento de instituciones educativas vinculados a la sociedad digital.<\/p>\n\n\n\n<p>El plan de trabajo propuesto, asegura que los beneficios y la modernizaci\u00f3n educativa alcance a todo el territorio provincial. La comunidad docente tambi\u00e9n ser\u00e1 beneficiada en sus condiciones de trabajo y mediante la disposici\u00f3n de herramientas digitales y procesos administrativos m\u00e1s \u00e1giles.<\/p>\n\n\n\n<h3 class=\"wp-block-heading\">M\u00e1s obras de infraestructura<\/h3>\n\n\n\n<p>Junto a la secretaria de Provincias del Ministerio de Interior, Silvina Batakis, el gobernador chaque\u00f1o repas\u00f3 el esquema de financiamiento para ejecutar obras del puerto de Las Palmas, con una inversi\u00f3n de 220 millones de pesos, junto a obras para el puerto de Barranqueras. Adem\u00e1s, trabajaron en financiamiento de obras y acciones en el marco de la emergencia sanitaria por COVID-19, junto a una nueva operatoria de 11,3 millones de d\u00f3lares con el Banco Interamericano de Desarrollo para obras y desarrollo digital.&nbsp;<\/p>\n","protected":false},"excerpt":{"rendered":"<p>El gobernador chaque\u00f1o viaj\u00f3 este jueves a Buenos Aires, donde mantuvo reuniones de trabajo con el ministro de Obras P\u00fablicas de la Naci\u00f3n, Gabriel Katopodis, el ministro de Educaci\u00f3n de la Naci\u00f3n, Nicol\u00e1s Trotta, la titular de Anses Fernanda Raverta, y la secretaria de Provincias del Ministerio de Interior Silvina Batakis. Con Gabriel Katopodis avanz\u00f3 &hellip;<\/p>\n","protected":false},"author":2,"featured_media":6409,"comment_status":"open","ping_status":"open","sticky":false,"template":"","format":"standard","meta":{"_jetpack_memberships_contains_paid_content":false,"footnotes":"","jetpack_publicize_message":"","jetpack_publicize_feature_enabled":true,"jetpack_social_post_already_shared":true,"jetpack_social_options":{"image_generator_settings":{"template":"highway","default_image_id":0,"font":"","enabled":false},"version":2}},"categories":[5,14],"tags":[],"class_list":["post-6408","post","type-post","status-publish","format-standard","has-post-thumbnail","hentry","category-chaco","category-politica"],"jetpack_publicize_connections":[],"jetpack_featured_media_url":"https:\/\/portalmovil.com.ar\/wp-content\/uploads\/2020\/05\/97160732_3443192852362215_988289519751004160_n.jpg","jetpack_sharing_enabled":true,"amp_enabled":true,"_links":{"self":[{"href":"https:\/\/portalmovil.com.ar\/index.php\/wp-json\/wp\/v2\/posts\/6408","targetHints":{"allow":["GET"]}}],"collection":[{"href":"https:\/\/portalmovil.com.ar\/index.php\/wp-json\/wp\/v2\/posts"}],"about":[{"href":"https:\/\/portalmovil.com.ar\/index.php\/wp-json\/wp\/v2\/types\/post"}],"author":[{"embeddable":true,"href":"https:\/\/portalmovil.com.ar\/index.php\/wp-json\/wp\/v2\/users\/2"}],"replies":[{"embeddable":true,"href":"https:\/\/portalmovil.com.ar\/index.php\/wp-json\/wp\/v2\/comments?post=6408"}],"version-history":[{"count":1,"href":"https:\/\/portalmovil.com.ar\/index.php\/wp-json\/wp\/v2\/posts\/6408\/revisions"}],"predecessor-version":[{"id":6410,"href":"https:\/\/portalmovil.com.ar\/index.php\/wp-json\/wp\/v2\/posts\/6408\/revisions\/6410"}],"wp:featuredmedia":[{"embeddable":true,"href":"https:\/\/portalmovil.com.ar\/index.php\/wp-json\/wp\/v2\/media\/6409"}],"wp:attachment":[{"href":"https:\/\/portalmovil.com.ar\/index.php\/wp-json\/wp\/v2\/media?parent=6408"}],"wp:term":[{"taxonomy":"category","embeddable":true,"href":"https:\/\/portalmovil.com.ar\/index.php\/wp-json\/wp\/v2\/categories?post=6408"},{"taxonomy":"post_tag","embeddable":true,"href":"https:\/\/portalmovil.com.ar\/index.php\/wp-json\/wp\/v2\/tags?post=6408"}],"curies":[{"name":"wp","href":"https:\/\/api.w.org\/{rel}","templated":true}]}}