{"id":64045,"date":"2022-10-03T20:16:44","date_gmt":"2022-10-03T23:16:44","guid":{"rendered":"https:\/\/portalmovil.com.ar\/?p=64045"},"modified":"2022-10-03T20:24:37","modified_gmt":"2022-10-03T23:24:37","slug":"vuelven-a-circular-los-colectivos-urbanos-desde-desde-este-martes","status":"publish","type":"post","link":"https:\/\/portalmovil.com.ar\/index.php\/2022\/10\/03\/vuelven-a-circular-los-colectivos-urbanos-desde-desde-este-martes\/","title":{"rendered":"Vuelven a circular los colectivos urbanos desde este martes"},"content":{"rendered":"\n<p>El secretario de Gobierno del municipio de Resistencia, Hugo Acevedo asegur\u00f3 que este martes 4, desde la hora cero, se restablecer\u00e1 el servicio de transporte p\u00fablico urbano de pasajeros en la capital provincial. El funcionario explic\u00f3 que el Municipio de Resistencia y el Gobierno de la Provincia definieron la unificaci\u00f3n del proceso licitatorio durante octubre, de los sistemas de transporte p\u00fablico de pasajeros urbanos e interurbanos del \u00c1rea Metropolitana del Gran Resistencia (AMGR), lo que garantiza la prestaci\u00f3n del servicio a partir de la 00 hora de este martes.<\/p>\n\n\n\n<p>La intenci\u00f3n es implementar el nuevo sistema integral a partir del 1 de enero de 2023. Previo a esto, el intendente Gustavo Mart\u00ednez, con el acompa\u00f1amiento del Concejo Municipal, prorrog\u00f3 la prestaci\u00f3n del servicio de las empresas urbanas del 1 de octubre hasta el 31 de diciembre. En este contexto, se aplicar\u00e1 una modalidad de emergencia para la prestaci\u00f3n del servicio p\u00fablico de pasajeros mientras dure el proceso de licitaci\u00f3n.<\/p>\n\n\n\n<p>Acevedo asever\u00f3 que \u201cla modalidad de emergencia tiene que ver fundamentalmente con poner en pr\u00e1ctica la resoluci\u00f3n firmada por el Intendente y ratificada por el Concejo Municipal, donde se fija la pr\u00f3rroga, se establece la firma de los nuevos convenios con las empresas para que el servicio se pueda seguir prestando, lo cual va a suceder a partir de ma\u00f1ana\u201d, y agreg\u00f3 que \u201ctodo este proceso se llevar\u00e1 a cabo de manera articulada entre Municipio y Provincia para disponer de un sistema de transporte que cubra las necesidades de los vecinos y vecinas\u201d.<\/p>\n\n\n\n<p>Sobre el encuentro, que se realiz\u00f3 este lunes, puntualiz\u00f3 que \u201cfue una reuni\u00f3n muy positiva porque ambos equipos est\u00e1n abocados a trabajar para mejorar el sistema de transporte del \u00e1rea metropolitana de Resistencia\u201d. En igual sentido, detall\u00f3 que \u201clas tareas se diagramar\u00e1n a trav\u00e9s del Ente Regulador de Transporte (ENRETRA), lo que incluye a que todos los municipios del \u00e1rea metropolitana (Resistencia, Barranqueras, Fontana y Vilelas) y pr\u00f3ximamente se incorporar\u00e1n las localidades de Puerto Tirol, Colonia Ben\u00edtez y Margarita Bel\u00e9n, lo cual permitir\u00e1 resolver algunas cuestiones con una mirada m\u00e1s general\u201d.<\/p>\n\n\n\n<p>Por \u00faltimo, sostuvo que \u201cse coordinar\u00e1n todos los mecanismos y medios administrativos para que esta pr\u00f3rroga se establezca de la manera m\u00e1s inmediata posible en lo que respecta a los nuevos contratos y en lo referido a las informaciones que se deben aportar al sistema nacional de transporte\u201d.<\/p>\n","protected":false},"excerpt":{"rendered":"<p>El secretario de Gobierno del municipio de Resistencia, Hugo Acevedo asegur\u00f3 que este martes 4, desde la hora cero, se restablecer\u00e1 el servicio de transporte p\u00fablico urbano de pasajeros en la capital provincial. El funcionario explic\u00f3 que el Municipio de Resistencia y el Gobierno de la Provincia definieron la unificaci\u00f3n del proceso licitatorio durante octubre, &hellip;<\/p>\n","protected":false},"author":2,"featured_media":18413,"comment_status":"open","ping_status":"open","sticky":false,"template":"","format":"standard","meta":{"_jetpack_memberships_contains_paid_content":false,"footnotes":"","jetpack_publicize_message":"","jetpack_publicize_feature_enabled":true,"jetpack_social_post_already_shared":true,"jetpack_social_options":{"image_generator_settings":{"template":"highway","default_image_id":0,"font":"","enabled":false},"version":2}},"categories":[14,37],"tags":[],"class_list":["post-64045","post","type-post","status-publish","format-standard","has-post-thumbnail","hentry","category-politica","category-resistencia"],"jetpack_publicize_connections":[],"jetpack_featured_media_url":"https:\/\/portalmovil.com.ar\/wp-content\/uploads\/2021\/01\/colectivos_1_74500_74500.jpg","jetpack_sharing_enabled":true,"amp_enabled":true,"_links":{"self":[{"href":"https:\/\/portalmovil.com.ar\/index.php\/wp-json\/wp\/v2\/posts\/64045","targetHints":{"allow":["GET"]}}],"collection":[{"href":"https:\/\/portalmovil.com.ar\/index.php\/wp-json\/wp\/v2\/posts"}],"about":[{"href":"https:\/\/portalmovil.com.ar\/index.php\/wp-json\/wp\/v2\/types\/post"}],"author":[{"embeddable":true,"href":"https:\/\/portalmovil.com.ar\/index.php\/wp-json\/wp\/v2\/users\/2"}],"replies":[{"embeddable":true,"href":"https:\/\/portalmovil.com.ar\/index.php\/wp-json\/wp\/v2\/comments?post=64045"}],"version-history":[{"count":2,"href":"https:\/\/portalmovil.com.ar\/index.php\/wp-json\/wp\/v2\/posts\/64045\/revisions"}],"predecessor-version":[{"id":64053,"href":"https:\/\/portalmovil.com.ar\/index.php\/wp-json\/wp\/v2\/posts\/64045\/revisions\/64053"}],"wp:featuredmedia":[{"embeddable":true,"href":"https:\/\/portalmovil.com.ar\/index.php\/wp-json\/wp\/v2\/media\/18413"}],"wp:attachment":[{"href":"https:\/\/portalmovil.com.ar\/index.php\/wp-json\/wp\/v2\/media?parent=64045"}],"wp:term":[{"taxonomy":"category","embeddable":true,"href":"https:\/\/portalmovil.com.ar\/index.php\/wp-json\/wp\/v2\/categories?post=64045"},{"taxonomy":"post_tag","embeddable":true,"href":"https:\/\/portalmovil.com.ar\/index.php\/wp-json\/wp\/v2\/tags?post=64045"}],"curies":[{"name":"wp","href":"https:\/\/api.w.org\/{rel}","templated":true}]}}