{"id":63945,"date":"2022-10-01T20:29:29","date_gmt":"2022-10-01T23:29:29","guid":{"rendered":"https:\/\/portalmovil.com.ar\/?p=63945"},"modified":"2022-10-01T20:29:31","modified_gmt":"2022-10-01T23:29:31","slug":"fallecio-un-joven-que-se-cayo-en-su-moto-en-resistencia","status":"publish","type":"post","link":"https:\/\/portalmovil.com.ar\/index.php\/2022\/10\/01\/fallecio-un-joven-que-se-cayo-en-su-moto-en-resistencia\/","title":{"rendered":"Falleci\u00f3 un joven que se cay\u00f3 en su moto en Resistencia"},"content":{"rendered":"\n<p>Este s\u00e1bado por la ma\u00f1ana, alrededor de las 7.30, efectivos de la Comisar\u00eda Sexta acudieron a la intersecci\u00f3n de las avenidas Malvinas Argentinas y Alberdi, donde un joven habr\u00eda ca\u00eddo de su motocicleta.<\/p>\n\n\n\n<p>Al llegar, constataron que se trataba de un ciudadano que manejaba una motocicleta Zanella Styler. Solicitaron una ambulancia de inmediato. Los m\u00e9dicos arribaron en minutos y lo trasladaron al Hospital Perrando.<\/p>\n\n\n\n<p>En el lugar, se realizaron las pericias del accidente por parte de la Divisi\u00f3n Criminal\u00edstica y se dio intervenci\u00f3n a la Fiscal\u00eda en turno.<\/p>\n\n\n\n<p>Cerca del mediod\u00eda, informaron desde la Divisi\u00f3n Polic\u00eda Sanitaria que el joven, identificado como Agust\u00edn Masdeu, falleci\u00f3 por las lesiones contra\u00eddas en el accidente. El m\u00e9dico le diagnostic\u00f3 TEC grave, politraumatismos graves, traumatismo renal derecho, contusi\u00f3n pulmonar, fractura de ambas piernas, asistencia respiratoria mec\u00e1nica, estado cr\u00edtico e irreversible.<\/p>\n\n\n\n<p><br>Se dio conocimiento al fiscal interviniente y \u00e9ste dispuso que el cuerpo sea trasladado al Imcif para an\u00e1lisis del Gabinete Cient\u00edfico del Poder Judicial. Se caratul\u00f3 la causa como \u201csupuesta muerte dudosa\u201d.<\/p>\n","protected":false},"excerpt":{"rendered":"<p>Este s\u00e1bado por la ma\u00f1ana, alrededor de las 7.30, efectivos de la Comisar\u00eda Sexta acudieron a la intersecci\u00f3n de las avenidas Malvinas Argentinas y Alberdi, donde un joven habr\u00eda ca\u00eddo de su motocicleta. Al llegar, constataron que se trataba de un ciudadano que manejaba una motocicleta Zanella Styler. Solicitaron una ambulancia de inmediato. Los m\u00e9dicos &hellip;<\/p>\n","protected":false},"author":2,"featured_media":50609,"comment_status":"open","ping_status":"open","sticky":false,"template":"","format":"standard","meta":{"_jetpack_memberships_contains_paid_content":false,"footnotes":"","jetpack_publicize_message":"","jetpack_publicize_feature_enabled":true,"jetpack_social_post_already_shared":true,"jetpack_social_options":{"image_generator_settings":{"template":"highway","default_image_id":0,"font":"","enabled":false},"version":2}},"categories":[8,37],"tags":[],"class_list":["post-63945","post","type-post","status-publish","format-standard","has-post-thumbnail","hentry","category-policiales","category-resistencia"],"jetpack_publicize_connections":[],"jetpack_featured_media_url":"https:\/\/portalmovil.com.ar\/wp-content\/uploads\/2022\/02\/bbx_850315800_hospital-movil-policial-2.jpg","jetpack_sharing_enabled":true,"amp_enabled":true,"_links":{"self":[{"href":"https:\/\/portalmovil.com.ar\/index.php\/wp-json\/wp\/v2\/posts\/63945","targetHints":{"allow":["GET"]}}],"collection":[{"href":"https:\/\/portalmovil.com.ar\/index.php\/wp-json\/wp\/v2\/posts"}],"about":[{"href":"https:\/\/portalmovil.com.ar\/index.php\/wp-json\/wp\/v2\/types\/post"}],"author":[{"embeddable":true,"href":"https:\/\/portalmovil.com.ar\/index.php\/wp-json\/wp\/v2\/users\/2"}],"replies":[{"embeddable":true,"href":"https:\/\/portalmovil.com.ar\/index.php\/wp-json\/wp\/v2\/comments?post=63945"}],"version-history":[{"count":1,"href":"https:\/\/portalmovil.com.ar\/index.php\/wp-json\/wp\/v2\/posts\/63945\/revisions"}],"predecessor-version":[{"id":63946,"href":"https:\/\/portalmovil.com.ar\/index.php\/wp-json\/wp\/v2\/posts\/63945\/revisions\/63946"}],"wp:featuredmedia":[{"embeddable":true,"href":"https:\/\/portalmovil.com.ar\/index.php\/wp-json\/wp\/v2\/media\/50609"}],"wp:attachment":[{"href":"https:\/\/portalmovil.com.ar\/index.php\/wp-json\/wp\/v2\/media?parent=63945"}],"wp:term":[{"taxonomy":"category","embeddable":true,"href":"https:\/\/portalmovil.com.ar\/index.php\/wp-json\/wp\/v2\/categories?post=63945"},{"taxonomy":"post_tag","embeddable":true,"href":"https:\/\/portalmovil.com.ar\/index.php\/wp-json\/wp\/v2\/tags?post=63945"}],"curies":[{"name":"wp","href":"https:\/\/api.w.org\/{rel}","templated":true}]}}