{"id":63895,"date":"2022-09-30T20:34:21","date_gmt":"2022-09-30T23:34:21","guid":{"rendered":"https:\/\/portalmovil.com.ar\/?p=63895"},"modified":"2022-09-30T20:34:26","modified_gmt":"2022-09-30T23:34:26","slug":"jornadas-soleadas-para-empezar-el-mes-de-octubre","status":"publish","type":"post","link":"https:\/\/portalmovil.com.ar\/index.php\/2022\/09\/30\/jornadas-soleadas-para-empezar-el-mes-de-octubre\/","title":{"rendered":"Jornadas soleadas para empezar el mes de octubre"},"content":{"rendered":"\n<p>El Servicio Meteorol\u00f3gico Nacional (SMN) prev\u00e9 jornadas soleadas para el comienzo del mes de octubre.<\/p>\n\n\n\n<p>As\u00ed, para la noche del viernes 30 se espera cielo despejado con temperatura de 16 grados y viento este.<\/p>\n\n\n\n<p>El s\u00e1bado 1 de octubre (m\u00ednima 12, m\u00e1xima 28) se espera cielo despejado de la madrugada, neblina en la ma\u00f1ana, y despejado en la tarde y noche; mientras que el domingo 2 (m\u00ednima 10, m\u00e1xima 28) se prev\u00e9 cielo despejado en la madrugada y ma\u00f1ana, y algo nublado en la tarde y noche.<\/p>\n\n\n\n<p>El lunes 3 (m\u00ednima 9, m\u00e1xima 28) se espera cielo despejado en la madrugada y ma\u00f1ana, y ligeramente nublado en la tarde y noche; mientras que el martes 4 (m\u00ednima 11, m\u00e1xima 29) se prev\u00e9 cielo algo nublado toda la jornada.<\/p>\n\n\n\n<p>El mi\u00e9rcoles 5 (m\u00ednima 11, m\u00e1xima 30) se espera cielo parcialmente nublado en la madrugada y ma\u00f1ana, y tormentas aisladas en la tarde y noche; mientras que el jueves 6 (m\u00ednima 12, m\u00e1xima 29) se espera cielo mayormente nublado en la madrugada y ma\u00f1ana, y parcialmente nublado en la tarde y noche.<\/p>\n","protected":false},"excerpt":{"rendered":"<p>El Servicio Meteorol\u00f3gico Nacional (SMN) prev\u00e9 jornadas soleadas para el comienzo del mes de octubre. As\u00ed, para la noche del viernes 30 se espera cielo despejado con temperatura de 16 grados y viento este. El s\u00e1bado 1 de octubre (m\u00ednima 12, m\u00e1xima 28) se espera cielo despejado de la madrugada, neblina en la ma\u00f1ana, y &hellip;<\/p>\n","protected":false},"author":2,"featured_media":10232,"comment_status":"open","ping_status":"open","sticky":false,"template":"","format":"standard","meta":{"_jetpack_memberships_contains_paid_content":false,"footnotes":"","jetpack_publicize_message":"","jetpack_publicize_feature_enabled":true,"jetpack_social_post_already_shared":true,"jetpack_social_options":{"image_generator_settings":{"template":"highway","default_image_id":0,"font":"","enabled":false},"version":2}},"categories":[5,8],"tags":[],"class_list":["post-63895","post","type-post","status-publish","format-standard","has-post-thumbnail","hentry","category-chaco","category-policiales"],"jetpack_publicize_connections":[],"jetpack_featured_media_url":"https:\/\/portalmovil.com.ar\/wp-content\/uploads\/2020\/07\/90643325_2455182814793742_2533884478183440384_o.jpg","jetpack_sharing_enabled":true,"amp_enabled":true,"_links":{"self":[{"href":"https:\/\/portalmovil.com.ar\/index.php\/wp-json\/wp\/v2\/posts\/63895","targetHints":{"allow":["GET"]}}],"collection":[{"href":"https:\/\/portalmovil.com.ar\/index.php\/wp-json\/wp\/v2\/posts"}],"about":[{"href":"https:\/\/portalmovil.com.ar\/index.php\/wp-json\/wp\/v2\/types\/post"}],"author":[{"embeddable":true,"href":"https:\/\/portalmovil.com.ar\/index.php\/wp-json\/wp\/v2\/users\/2"}],"replies":[{"embeddable":true,"href":"https:\/\/portalmovil.com.ar\/index.php\/wp-json\/wp\/v2\/comments?post=63895"}],"version-history":[{"count":1,"href":"https:\/\/portalmovil.com.ar\/index.php\/wp-json\/wp\/v2\/posts\/63895\/revisions"}],"predecessor-version":[{"id":63896,"href":"https:\/\/portalmovil.com.ar\/index.php\/wp-json\/wp\/v2\/posts\/63895\/revisions\/63896"}],"wp:featuredmedia":[{"embeddable":true,"href":"https:\/\/portalmovil.com.ar\/index.php\/wp-json\/wp\/v2\/media\/10232"}],"wp:attachment":[{"href":"https:\/\/portalmovil.com.ar\/index.php\/wp-json\/wp\/v2\/media?parent=63895"}],"wp:term":[{"taxonomy":"category","embeddable":true,"href":"https:\/\/portalmovil.com.ar\/index.php\/wp-json\/wp\/v2\/categories?post=63895"},{"taxonomy":"post_tag","embeddable":true,"href":"https:\/\/portalmovil.com.ar\/index.php\/wp-json\/wp\/v2\/tags?post=63895"}],"curies":[{"name":"wp","href":"https:\/\/api.w.org\/{rel}","templated":true}]}}