{"id":63768,"date":"2022-09-29T09:55:02","date_gmt":"2022-09-29T12:55:02","guid":{"rendered":"https:\/\/portalmovil.com.ar\/?p=63768"},"modified":"2022-09-29T09:55:04","modified_gmt":"2022-09-29T12:55:04","slug":"buscan-garantizar-la-provision-de-agua-para-los-presos-de-resistencia","status":"publish","type":"post","link":"https:\/\/portalmovil.com.ar\/index.php\/2022\/09\/29\/buscan-garantizar-la-provision-de-agua-para-los-presos-de-resistencia\/","title":{"rendered":"Buscan garantizar la provisi\u00f3n de agua para los presos de Resistencia"},"content":{"rendered":"\n<p>En cumplimiento de la sentencia del h\u00e1beas corpus dictada por la jueza de Ejecuci\u00f3n Penal N\u00b02, Dra. Ligia Duca, los representantes estatales se hicieron presentes en las instalaciones del Complejo Penitenciario N\u00b0 1 de Resistencia (ex Alcaid\u00eda), para constatar la situaci\u00f3n de las instalaciones de agua potable del penal, que presentan problemas y deficiencias hist\u00f3ricas.<\/p>\n\n\n\n<p>El habeas corpus fue interpuesto en abril de este a\u00f1o por los internos del Pabell\u00f3n 10 de la unidad penitenciaria y cont\u00f3 con el acompa\u00f1amiento de la Defensa P\u00fablica Oficial y del Comit\u00e9 para la Prevenci\u00f3n de la Tortura.<\/p>\n\n\n\n<p>\u201cEs la primera vez que las \u00e1reas del Estado involucradas en la tem\u00e1tica de la provisi\u00f3n de agua y con conocimiento experto, pueden realizar un diagn\u00f3stico preciso y exhaustivo de cu\u00e1l es la situaci\u00f3n exacta en los distintos m\u00f3dulos y sectores del Complejo Penitenciario N\u00b0 1. Esta es una problem\u00e1tica que viene siendo acarreada hace a\u00f1os y que genera graves conflictos durante los meses de verano, predisponiendo a la violencia, a las medidas de fuerza y al malestar general de la comunidad penitenciaria\u201d, explic\u00f3 el presidente del Comit\u00e9 para la Prevenci\u00f3n de la Tortura, Kevin Nielsen.<\/p>\n\n\n\n<p>Adem\u00e1s, plante\u00f3 que es algo sin precedentes, ya que la sentencia de habeas corpus obliga al Estado a encontrar soluciones a corto, mediano y largo plazo e informar al juzgado de ejecuci\u00f3n, que ser\u00e1 el encargado de evaluar el cumplimiento.&nbsp;<\/p>\n\n\n\n<p>\u201cHay una obligaci\u00f3n de innovar, de modificar la situaci\u00f3n y esto va a ser evaluado judicialmente\u201d, destac\u00f3 Nielsen y resalt\u00f3 el hecho de que el h\u00e1beas corpus haya sido interpuesto por las propias personas privadas de libertad: \u201cEsto fue realizado por parte de un pabell\u00f3n de buena conducta, con mucha capacidad de agencia y proactivo, que en representaci\u00f3n de todos los internos plantea esta situaci\u00f3n. Tuvimos la oportunidad de dialogar con ellos, explic\u00e1ndoles los alcances de la sentencia\u201d, detall\u00f3.<\/p>\n\n\n\n<p>\u201cLa correcta provisi\u00f3n de agua potable es un derecho humano y como tal no debe verse afectada por la situaci\u00f3n de privaci\u00f3n de libertad, sino que por el contrario, aquella se encuentra establecida en las reglas M\u00ednimas de Tratamiento de Reclusos de las Naciones Unidas\u201d, concluy\u00f3 Nielsen.<\/p>\n\n\n\n<p>En esta unidad penitenciaria diariamente circulan alrededor de 700 personas entre internos, personal penitenciario y visitas. La problem\u00e1tica del agua que presenta es hist\u00f3rica y se manifiesta en inconvenientes en la provisi\u00f3n y distribuci\u00f3n, lo que trae aparejado profundos malestares, especialmente en los meses de altas temperaturas, tanto para las personas privadas de libertad como para el personal que all\u00ed desempe\u00f1a sus funciones.&nbsp;<\/p>\n\n\n\n<p>La sentencia establece que se deber\u00e1 garantizar la provisi\u00f3n de agua mediante camiones cisternas hasta que se llegue a una soluci\u00f3n estructural, como as\u00ed tambi\u00e9n se deber\u00e1 informar sobre el plan de obras destinado a resolver el problema del acceso al agua para un adecuado funcionamiento de la unidad penitenciaria, que adem\u00e1s tiene en proyecci\u00f3n ampliaciones de los sectores de alojamiento.&nbsp;<\/p>\n","protected":false},"excerpt":{"rendered":"<p>En cumplimiento de la sentencia del h\u00e1beas corpus dictada por la jueza de Ejecuci\u00f3n Penal N\u00b02, Dra. Ligia Duca, los representantes estatales se hicieron presentes en las instalaciones del Complejo Penitenciario N\u00b0 1 de Resistencia (ex Alcaid\u00eda), para constatar la situaci\u00f3n de las instalaciones de agua potable del penal, que presentan problemas y deficiencias hist\u00f3ricas. &hellip;<\/p>\n","protected":false},"author":2,"featured_media":63769,"comment_status":"open","ping_status":"open","sticky":false,"template":"","format":"standard","meta":{"_jetpack_memberships_contains_paid_content":false,"footnotes":"","jetpack_publicize_message":"","jetpack_publicize_feature_enabled":true,"jetpack_social_post_already_shared":true,"jetpack_social_options":{"image_generator_settings":{"template":"highway","default_image_id":0,"font":"","enabled":false},"version":2}},"categories":[5,14],"tags":[],"class_list":["post-63768","post","type-post","status-publish","format-standard","has-post-thumbnail","hentry","category-chaco","category-politica"],"jetpack_publicize_connections":[],"jetpack_featured_media_url":"https:\/\/portalmovil.com.ar\/wp-content\/uploads\/2022\/09\/6de2a745-02fc-4b3c-ac7a-f8426b082cd9.jpg","jetpack_sharing_enabled":true,"amp_enabled":true,"_links":{"self":[{"href":"https:\/\/portalmovil.com.ar\/index.php\/wp-json\/wp\/v2\/posts\/63768","targetHints":{"allow":["GET"]}}],"collection":[{"href":"https:\/\/portalmovil.com.ar\/index.php\/wp-json\/wp\/v2\/posts"}],"about":[{"href":"https:\/\/portalmovil.com.ar\/index.php\/wp-json\/wp\/v2\/types\/post"}],"author":[{"embeddable":true,"href":"https:\/\/portalmovil.com.ar\/index.php\/wp-json\/wp\/v2\/users\/2"}],"replies":[{"embeddable":true,"href":"https:\/\/portalmovil.com.ar\/index.php\/wp-json\/wp\/v2\/comments?post=63768"}],"version-history":[{"count":1,"href":"https:\/\/portalmovil.com.ar\/index.php\/wp-json\/wp\/v2\/posts\/63768\/revisions"}],"predecessor-version":[{"id":63770,"href":"https:\/\/portalmovil.com.ar\/index.php\/wp-json\/wp\/v2\/posts\/63768\/revisions\/63770"}],"wp:featuredmedia":[{"embeddable":true,"href":"https:\/\/portalmovil.com.ar\/index.php\/wp-json\/wp\/v2\/media\/63769"}],"wp:attachment":[{"href":"https:\/\/portalmovil.com.ar\/index.php\/wp-json\/wp\/v2\/media?parent=63768"}],"wp:term":[{"taxonomy":"category","embeddable":true,"href":"https:\/\/portalmovil.com.ar\/index.php\/wp-json\/wp\/v2\/categories?post=63768"},{"taxonomy":"post_tag","embeddable":true,"href":"https:\/\/portalmovil.com.ar\/index.php\/wp-json\/wp\/v2\/tags?post=63768"}],"curies":[{"name":"wp","href":"https:\/\/api.w.org\/{rel}","templated":true}]}}