{"id":63730,"date":"2022-09-28T14:43:39","date_gmt":"2022-09-28T17:43:39","guid":{"rendered":"https:\/\/portalmovil.com.ar\/?p=63730"},"modified":"2022-09-28T14:43:42","modified_gmt":"2022-09-28T17:43:42","slug":"es-fundamental-que-los-jovenes-tengan-la-visibilidad-que-merecen-dijo-gustavo-martinez","status":"publish","type":"post","link":"https:\/\/portalmovil.com.ar\/index.php\/2022\/09\/28\/es-fundamental-que-los-jovenes-tengan-la-visibilidad-que-merecen-dijo-gustavo-martinez\/","title":{"rendered":"\u00abEs fundamental que los j\u00f3venes tengan la visibilidad que merecen\u00bb, dijo Gustavo Mart\u00ednez\u00a0"},"content":{"rendered":"\n<p>Gustavo Mart\u00ednez acompa\u00f1\u00f3 del lanzamiento del Premio al Joven Empresario, concurso que abri\u00f3 la inscripci\u00f3n hasta el pr\u00f3ximo 8 de octubre, previ\u00e9ndose la presentaci\u00f3n del ganador en la gala a realizarse en el Fog\u00f3n de los Arrieros, el 15 del mismo mes. Este evento es organizado por la Federaci\u00f3n Econ\u00f3mica del Chaco Joven y la Confederaci\u00f3n Argentina de la Mediana Empresa.<\/p>\n\n\n\n<p>En esta presentaci\u00f3n realizada en la C\u00e1mara de Comercio del Resistencia participaron, adem\u00e1s, Silvia Reyero, titular de la Federaci\u00f3n Econ\u00f3mica del Chaco; Gustavo Mart\u00ednez Quiles, presidente de Fechaco; Alicia Gamarra de la C\u00e1mara de Mujeres Empresarias del Chaco; Pablo Staszewski, de la C\u00e1mara de Comercio Exterior; y Alexis S\u00e1nchez, presidente de Fechaco Joven.<\/p>\n\n\n\n<p>\u00abEs fundamental que los j\u00f3venes tengan la visibilidad que merecen y que necesitamos todos como sociedad\u00bb, se\u00f1al\u00f3 el Intendente y agreg\u00f3: \u00abEsta iniciativa la hicimos nuestra, sentimos orgullo porque nuestra provincia tiene j\u00f3venes empresarios de gran envergadura, vocaci\u00f3n y profesionalismo\u00bb.<\/p>\n\n\n\n<p>Al respecto, dese\u00f3 que \u00abeste premio tiene que transformarse en un \u00edcono que promueva a nuestros j\u00f3venes empresarios, es el modelo que como sociedad necesitamos\u00bb. \u00abEl estado debe ser socio del sector privado, generar condiciones para visibilizar su riqueza y potencial, que se pueda expandir\u00bb, asever\u00f3.<\/p>\n\n\n\n<p>Por su parte, Silvia Reyero, titular de la Federaci\u00f3n Econ\u00f3mica del Chaco, agradeci\u00f3 el acompa\u00f1amiento del jefe comunal, valorando tambi\u00e9n el trabajo articulado que hacen las distintas organizaciones.<\/p>\n\n\n\n<p>DETALLES DEL CONCURSO<\/p>\n\n\n\n<p>Alexis S\u00e1nchez brind\u00f3 aspectos del concurso, indicando que a trav\u00e9s de las redes sociales de la Fechaco y la C\u00e1mara de Comercio podr\u00e1n obtener las bases y condiciones para participar. La inscripci\u00f3n cerrar\u00e1 el pr\u00f3ximo 8 de octubre y uno de los requisitos es que el postulante tendr\u00e1 en 18 y 40 de edad.<\/p>\n\n\n\n<p>Los j\u00f3venes podr\u00e1n postularse bajo las siguientes categor\u00edas: Desarrollo Productivo Regional; Proyecci\u00f3n Internacional; Desarrollo Tecnol\u00f3gico; Innovaci\u00f3n y Dise\u00f1o; Promoci\u00f3n de Oficio; Triple Impacto; y Relevo Generacional.<\/p>\n\n\n\n<p>Un jurado compuesto por autoridades de la organizaci\u00f3n estar\u00e1 encargado de la elecci\u00f3n de los seis finalistas, cuyo ganador se dar\u00e1 a conocer el 15 de octubre en el Fog\u00f3n de los Arrieros.<\/p>\n","protected":false},"excerpt":{"rendered":"<p>Gustavo Mart\u00ednez acompa\u00f1\u00f3 del lanzamiento del Premio al Joven Empresario, concurso que abri\u00f3 la inscripci\u00f3n hasta el pr\u00f3ximo 8 de octubre, previ\u00e9ndose la presentaci\u00f3n del ganador en la gala a realizarse en el Fog\u00f3n de los Arrieros, el 15 del mismo mes. Este evento es organizado por la Federaci\u00f3n Econ\u00f3mica del Chaco Joven y la &hellip;<\/p>\n","protected":false},"author":2,"featured_media":63732,"comment_status":"open","ping_status":"open","sticky":false,"template":"","format":"standard","meta":{"_jetpack_memberships_contains_paid_content":false,"footnotes":"","jetpack_publicize_message":"","jetpack_publicize_feature_enabled":true,"jetpack_social_post_already_shared":true,"jetpack_social_options":{"image_generator_settings":{"template":"highway","default_image_id":0,"font":"","enabled":false},"version":2}},"categories":[14,37],"tags":[],"class_list":["post-63730","post","type-post","status-publish","format-standard","has-post-thumbnail","hentry","category-politica","category-resistencia"],"jetpack_publicize_connections":[],"jetpack_featured_media_url":"https:\/\/portalmovil.com.ar\/wp-content\/uploads\/2022\/09\/552546w850h567c.jpg.webp","jetpack_sharing_enabled":true,"amp_enabled":true,"_links":{"self":[{"href":"https:\/\/portalmovil.com.ar\/index.php\/wp-json\/wp\/v2\/posts\/63730","targetHints":{"allow":["GET"]}}],"collection":[{"href":"https:\/\/portalmovil.com.ar\/index.php\/wp-json\/wp\/v2\/posts"}],"about":[{"href":"https:\/\/portalmovil.com.ar\/index.php\/wp-json\/wp\/v2\/types\/post"}],"author":[{"embeddable":true,"href":"https:\/\/portalmovil.com.ar\/index.php\/wp-json\/wp\/v2\/users\/2"}],"replies":[{"embeddable":true,"href":"https:\/\/portalmovil.com.ar\/index.php\/wp-json\/wp\/v2\/comments?post=63730"}],"version-history":[{"count":1,"href":"https:\/\/portalmovil.com.ar\/index.php\/wp-json\/wp\/v2\/posts\/63730\/revisions"}],"predecessor-version":[{"id":63733,"href":"https:\/\/portalmovil.com.ar\/index.php\/wp-json\/wp\/v2\/posts\/63730\/revisions\/63733"}],"wp:featuredmedia":[{"embeddable":true,"href":"https:\/\/portalmovil.com.ar\/index.php\/wp-json\/wp\/v2\/media\/63732"}],"wp:attachment":[{"href":"https:\/\/portalmovil.com.ar\/index.php\/wp-json\/wp\/v2\/media?parent=63730"}],"wp:term":[{"taxonomy":"category","embeddable":true,"href":"https:\/\/portalmovil.com.ar\/index.php\/wp-json\/wp\/v2\/categories?post=63730"},{"taxonomy":"post_tag","embeddable":true,"href":"https:\/\/portalmovil.com.ar\/index.php\/wp-json\/wp\/v2\/tags?post=63730"}],"curies":[{"name":"wp","href":"https:\/\/api.w.org\/{rel}","templated":true}]}}