{"id":6345,"date":"2020-05-13T13:51:39","date_gmt":"2020-05-13T16:51:39","guid":{"rendered":"http:\/\/portalmovil.com.ar\/?p=6345"},"modified":"2020-05-13T13:51:42","modified_gmt":"2020-05-13T16:51:42","slug":"chile-anuncia-2-660-contagios-en-un-dia-y-decreta-cuarentena-total-en-gran-santiago","status":"publish","type":"post","link":"https:\/\/portalmovil.com.ar\/index.php\/2020\/05\/13\/chile-anuncia-2-660-contagios-en-un-dia-y-decreta-cuarentena-total-en-gran-santiago\/","title":{"rendered":"CHILE: anuncia 2.660 contagios en un d\u00eda y decreta cuarentena total en Gran Santiago"},"content":{"rendered":"\n<p>El ministro de Salud de Chile, Jaime Ma\u00f1alich anunci\u00f3 que el Gran Santiago entrar\u00e1 en cuarentena total a partir del viernes a las 22, luego de que se registraran 2.660 nuevos contagios y 12 muertes de coronavirus durante las \u00faltimas 24 horas, lo que representa un r\u00e9cord de contagios en un d\u00eda desde el primer caso, ocurrido el 3 de marzo.<\/p>\n\n\n\n<p>\u00abLa batalla de Santiago, es la batalla crucial contra la guerra del coronavirus. El mes de mayo est\u00e1 siendo muy duro con nuestro pa\u00eds y debemos tomar acciones adecuadas en el momento oportuno para poder contener esta enfermedad\u00bb, dijo el funcionario.<\/p>\n\n\n\n<p>Adem\u00e1s de las 32 comunas (barrios) de la provincia de Santiago, se sumar\u00e1n otras seis que forman parte del Gran Santiago: San Bernardo, Buin, Puente Alto, Padre Hurtado, Lampa y Colina.<\/p>\n\n\n\n<p>Hasta el 12 de mayo la Regi\u00f3n Metropolitana ten\u00eda el 71,59% de los contagios a nivel nacional.<\/p>\n\n\n\n<p>Seg\u00fan el \u00faltimo censo oficial, en las 38 comunas (barrios) que conforman el Gran Santiago, existe una poblaci\u00f3n estimada de 6.500.000 habitantes, lo que representa 42% de la poblaci\u00f3n del pa\u00eds.<\/p>\n\n\n\n<p>El ministro inform\u00f3 que Chile registr\u00f3 2.660 nuevos contagios por coronavirus en la \u00faltima jornada, para alcanzar un total de 34.381 en el territorio nacional.<\/p>\n\n\n\n<p>Entre los nuevos casos, 2.152 presentaron s\u00edntomas, mientras 508 fueron asintom\u00e1ticos.<\/p>\n\n\n\n<p>En relaci\u00f3n a los decesos, Chile acumula un total de 347, luego de sumarse 12 durante la \u00faltima jornada, mientras que 14.865 pacientes se han recuperado de la enfermedad.<\/p>\n\n\n\n<p>Asimismo, el funcionario resalt\u00f3 que se realizaron 10.410 ex\u00e1menes PCR para detectar la enfermedad, lo que significa un total de 313.750, pese a las denuncias de diversas cl\u00ednicas privadas que se\u00f1alaban falta de stock para realizar esas pruebas.<\/p>\n\n\n\n<p>El ministerio de Salud contest\u00f3 anoche anterior en un comunicado que \u00abse trata de situaciones espec\u00edficas, no reportadas oficialmente al Ministerio de Salud, focaliz\u00e1ndose en laboratorios privados y que representa al 15% del total de muestras que se procesan en la red integrada de laboratorios\u00bb.<\/p>\n","protected":false},"excerpt":{"rendered":"<p>El ministro de Salud de Chile, Jaime Ma\u00f1alich anunci\u00f3 que el Gran Santiago entrar\u00e1 en cuarentena total a partir del viernes a las 22, luego de que se registraran 2.660 nuevos contagios y 12 muertes de coronavirus durante las \u00faltimas 24 horas, lo que representa un r\u00e9cord de contagios en un d\u00eda desde el primer &hellip;<\/p>\n","protected":false},"author":2,"featured_media":6346,"comment_status":"open","ping_status":"open","sticky":false,"template":"","format":"standard","meta":{"_jetpack_memberships_contains_paid_content":false,"footnotes":"","jetpack_publicize_message":"","jetpack_publicize_feature_enabled":true,"jetpack_social_post_already_shared":true,"jetpack_social_options":{"image_generator_settings":{"template":"highway","default_image_id":0,"font":"","enabled":false},"version":2}},"categories":[17,12],"tags":[],"class_list":["post-6345","post","type-post","status-publish","format-standard","has-post-thumbnail","hentry","category-mundo","category-ultimo"],"jetpack_publicize_connections":[],"jetpack_featured_media_url":"https:\/\/portalmovil.com.ar\/wp-content\/uploads\/2020\/05\/unnamed-5.jpg","jetpack_sharing_enabled":true,"amp_enabled":true,"_links":{"self":[{"href":"https:\/\/portalmovil.com.ar\/index.php\/wp-json\/wp\/v2\/posts\/6345","targetHints":{"allow":["GET"]}}],"collection":[{"href":"https:\/\/portalmovil.com.ar\/index.php\/wp-json\/wp\/v2\/posts"}],"about":[{"href":"https:\/\/portalmovil.com.ar\/index.php\/wp-json\/wp\/v2\/types\/post"}],"author":[{"embeddable":true,"href":"https:\/\/portalmovil.com.ar\/index.php\/wp-json\/wp\/v2\/users\/2"}],"replies":[{"embeddable":true,"href":"https:\/\/portalmovil.com.ar\/index.php\/wp-json\/wp\/v2\/comments?post=6345"}],"version-history":[{"count":1,"href":"https:\/\/portalmovil.com.ar\/index.php\/wp-json\/wp\/v2\/posts\/6345\/revisions"}],"predecessor-version":[{"id":6347,"href":"https:\/\/portalmovil.com.ar\/index.php\/wp-json\/wp\/v2\/posts\/6345\/revisions\/6347"}],"wp:featuredmedia":[{"embeddable":true,"href":"https:\/\/portalmovil.com.ar\/index.php\/wp-json\/wp\/v2\/media\/6346"}],"wp:attachment":[{"href":"https:\/\/portalmovil.com.ar\/index.php\/wp-json\/wp\/v2\/media?parent=6345"}],"wp:term":[{"taxonomy":"category","embeddable":true,"href":"https:\/\/portalmovil.com.ar\/index.php\/wp-json\/wp\/v2\/categories?post=6345"},{"taxonomy":"post_tag","embeddable":true,"href":"https:\/\/portalmovil.com.ar\/index.php\/wp-json\/wp\/v2\/tags?post=6345"}],"curies":[{"name":"wp","href":"https:\/\/api.w.org\/{rel}","templated":true}]}}