{"id":63291,"date":"2022-09-20T06:47:03","date_gmt":"2022-09-20T09:47:03","guid":{"rendered":"https:\/\/portalmovil.com.ar\/?p=63291"},"modified":"2022-09-20T06:47:05","modified_gmt":"2022-09-20T09:47:05","slug":"extendieron-el-precios-cuidados-de-medicamentos-hasta-el-18-de-noviembre","status":"publish","type":"post","link":"https:\/\/portalmovil.com.ar\/index.php\/2022\/09\/20\/extendieron-el-precios-cuidados-de-medicamentos-hasta-el-18-de-noviembre\/","title":{"rendered":"Extendieron el Precios cuidados de medicamentos hasta el 18 de noviembre"},"content":{"rendered":"\n<p>El ministro de Econom\u00eda, Sergio Massa, y su par de Salud, Carla Vizzotti, firmaron hoy con representantes de la industria farmac\u00e9utica la extensi\u00f3n hasta el 18 de noviembre de este a\u00f1o del acuerdo para mantener el precio de los medicamentos por debajo de la inflaci\u00f3n.<\/p>\n\n\n\n<p>El convenio firmado esta tarde\u00a0<strong>prorroga el acuerdo del d\u00eda 19 de julio de 2022 y contempla un aumento m\u00e1ximo para los pr\u00f3ximos 60 d\u00edas de hasta 1 punto por debajo del \u00cdndice de Precios al Consumido<\/strong>r (IPC) general del mes anterior para todos los medicamentos que se comercializan a trav\u00e9s de farmacias, incluidos los de venta libre.<\/p>\n\n\n\n<p>Para definir el precio de los medicamentos se tomar\u00e1 como l\u00ednea de base el 30 de agosto de 2022, mientras que la Secretar\u00eda de Comercio monitorear\u00e1 la evoluci\u00f3n de los precios en un trabajo en conjunto con el Ministerio de Salud.<\/p>\n\n\n\n<p>Participaron representantes de la&nbsp;<strong>C\u00e1mara Industrial de Laboratorios Farmac\u00e9uticos Argentinos (CILFA), la C\u00e1mara Argentina de Especialidades Medicinales (CAEME), la C\u00e1mara Empresariade Laboratorios Farmac\u00e9uticos (COOPERALA), la C\u00e1mara Argentina de Productores de Medicamentos Gen\u00e9ricos y de uso Hospitalario (CAPGEN), la C\u00e1mara Argentina de Medicamentos de Venta Libre (CAPEMVel), la Confederaci\u00f3n Farmac\u00e9utica Argentina (COFA), la Federaci\u00f3n Argentina de C\u00e1maras de Farmacias (FACAF) y la Asociaci\u00f3n de Propietarios de Farmacias Argentinas (ASOFAR).<\/strong><\/p>\n\n\n\n<p>Temas<\/p>\n","protected":false},"excerpt":{"rendered":"<p>El ministro de Econom\u00eda, Sergio Massa, y su par de Salud, Carla Vizzotti, firmaron hoy con representantes de la industria farmac\u00e9utica la extensi\u00f3n hasta el 18 de noviembre de este a\u00f1o del acuerdo para mantener el precio de los medicamentos por debajo de la inflaci\u00f3n. El convenio firmado esta tarde\u00a0prorroga el acuerdo del d\u00eda 19 &hellip;<\/p>\n","protected":false},"author":2,"featured_media":63292,"comment_status":"open","ping_status":"open","sticky":false,"template":"","format":"standard","meta":{"_jetpack_memberships_contains_paid_content":false,"footnotes":"","jetpack_publicize_message":"","jetpack_publicize_feature_enabled":true,"jetpack_social_post_already_shared":true,"jetpack_social_options":{"image_generator_settings":{"template":"highway","default_image_id":0,"font":"","enabled":false},"version":2}},"categories":[639],"tags":[],"class_list":["post-63291","post","type-post","status-publish","format-standard","has-post-thumbnail","hentry","category-argentina"],"jetpack_publicize_connections":[],"jetpack_featured_media_url":"https:\/\/portalmovil.com.ar\/wp-content\/uploads\/2022\/09\/4ddf005d-3ef0-4262-8656-0030de609051.jpg","jetpack_sharing_enabled":true,"amp_enabled":true,"_links":{"self":[{"href":"https:\/\/portalmovil.com.ar\/index.php\/wp-json\/wp\/v2\/posts\/63291","targetHints":{"allow":["GET"]}}],"collection":[{"href":"https:\/\/portalmovil.com.ar\/index.php\/wp-json\/wp\/v2\/posts"}],"about":[{"href":"https:\/\/portalmovil.com.ar\/index.php\/wp-json\/wp\/v2\/types\/post"}],"author":[{"embeddable":true,"href":"https:\/\/portalmovil.com.ar\/index.php\/wp-json\/wp\/v2\/users\/2"}],"replies":[{"embeddable":true,"href":"https:\/\/portalmovil.com.ar\/index.php\/wp-json\/wp\/v2\/comments?post=63291"}],"version-history":[{"count":1,"href":"https:\/\/portalmovil.com.ar\/index.php\/wp-json\/wp\/v2\/posts\/63291\/revisions"}],"predecessor-version":[{"id":63293,"href":"https:\/\/portalmovil.com.ar\/index.php\/wp-json\/wp\/v2\/posts\/63291\/revisions\/63293"}],"wp:featuredmedia":[{"embeddable":true,"href":"https:\/\/portalmovil.com.ar\/index.php\/wp-json\/wp\/v2\/media\/63292"}],"wp:attachment":[{"href":"https:\/\/portalmovil.com.ar\/index.php\/wp-json\/wp\/v2\/media?parent=63291"}],"wp:term":[{"taxonomy":"category","embeddable":true,"href":"https:\/\/portalmovil.com.ar\/index.php\/wp-json\/wp\/v2\/categories?post=63291"},{"taxonomy":"post_tag","embeddable":true,"href":"https:\/\/portalmovil.com.ar\/index.php\/wp-json\/wp\/v2\/tags?post=63291"}],"curies":[{"name":"wp","href":"https:\/\/api.w.org\/{rel}","templated":true}]}}