{"id":63195,"date":"2022-09-18T12:33:41","date_gmt":"2022-09-18T15:33:41","guid":{"rendered":"https:\/\/portalmovil.com.ar\/?p=63195"},"modified":"2022-09-18T12:33:42","modified_gmt":"2022-09-18T15:33:42","slug":"alberto-fernandez-llego-a-nueva-york-para-participar-de-la-asamblea-general-de-la-onu","status":"publish","type":"post","link":"https:\/\/portalmovil.com.ar\/index.php\/2022\/09\/18\/alberto-fernandez-llego-a-nueva-york-para-participar-de-la-asamblea-general-de-la-onu\/","title":{"rendered":"Alberto Fern\u00e1ndez lleg\u00f3 a Nueva York para participar de la Asamblea General de la ONU"},"content":{"rendered":"\n<p>El presidente Alberto Fern\u00e1ndez lleg\u00f3 a Estados Unidos para participar por primera vez de forma presencial en la Asamblea General de las Naciones Unidas (ONU) que se celebra en la ciudad de Nueva York, donde har\u00e1 eje en las consecuencias de la pandemia, la guerra en Ucrania y tiene previsto adem\u00e1s reunirse con la titular del Fondo Monetario Internacional (FMI) Kristalina Georgieva, seg\u00fan indicaron fuentes oficiales.<\/p>\n\n\n\n<p>La comitiva oficial, encabezada por el mandatario y el canciller Santiago Cafiero, parti\u00f3 pasadas las 22.18 desde el aeropuerto de Ezeiza en el vuelo AR 1090 de Aerol\u00edneas Argentinas.<\/p>\n","protected":false},"excerpt":{"rendered":"<p>El presidente Alberto Fern\u00e1ndez lleg\u00f3 a Estados Unidos para participar por primera vez de forma presencial en la Asamblea General de las Naciones Unidas (ONU) que se celebra en la ciudad de Nueva York, donde har\u00e1 eje en las consecuencias de la pandemia, la guerra en Ucrania y tiene previsto adem\u00e1s reunirse con la titular &hellip;<\/p>\n","protected":false},"author":2,"featured_media":63196,"comment_status":"open","ping_status":"open","sticky":false,"template":"","format":"standard","meta":{"_jetpack_memberships_contains_paid_content":false,"footnotes":"","jetpack_publicize_message":"","jetpack_publicize_feature_enabled":true,"jetpack_social_post_already_shared":true,"jetpack_social_options":{"image_generator_settings":{"template":"highway","default_image_id":0,"font":"","enabled":false},"version":2}},"categories":[639,14,12],"tags":[],"class_list":["post-63195","post","type-post","status-publish","format-standard","has-post-thumbnail","hentry","category-argentina","category-politica","category-ultimo"],"jetpack_publicize_connections":[],"jetpack_featured_media_url":"https:\/\/portalmovil.com.ar\/wp-content\/uploads\/2022\/09\/6327212a7331b_900.jpg","jetpack_sharing_enabled":true,"amp_enabled":true,"_links":{"self":[{"href":"https:\/\/portalmovil.com.ar\/index.php\/wp-json\/wp\/v2\/posts\/63195","targetHints":{"allow":["GET"]}}],"collection":[{"href":"https:\/\/portalmovil.com.ar\/index.php\/wp-json\/wp\/v2\/posts"}],"about":[{"href":"https:\/\/portalmovil.com.ar\/index.php\/wp-json\/wp\/v2\/types\/post"}],"author":[{"embeddable":true,"href":"https:\/\/portalmovil.com.ar\/index.php\/wp-json\/wp\/v2\/users\/2"}],"replies":[{"embeddable":true,"href":"https:\/\/portalmovil.com.ar\/index.php\/wp-json\/wp\/v2\/comments?post=63195"}],"version-history":[{"count":1,"href":"https:\/\/portalmovil.com.ar\/index.php\/wp-json\/wp\/v2\/posts\/63195\/revisions"}],"predecessor-version":[{"id":63197,"href":"https:\/\/portalmovil.com.ar\/index.php\/wp-json\/wp\/v2\/posts\/63195\/revisions\/63197"}],"wp:featuredmedia":[{"embeddable":true,"href":"https:\/\/portalmovil.com.ar\/index.php\/wp-json\/wp\/v2\/media\/63196"}],"wp:attachment":[{"href":"https:\/\/portalmovil.com.ar\/index.php\/wp-json\/wp\/v2\/media?parent=63195"}],"wp:term":[{"taxonomy":"category","embeddable":true,"href":"https:\/\/portalmovil.com.ar\/index.php\/wp-json\/wp\/v2\/categories?post=63195"},{"taxonomy":"post_tag","embeddable":true,"href":"https:\/\/portalmovil.com.ar\/index.php\/wp-json\/wp\/v2\/tags?post=63195"}],"curies":[{"name":"wp","href":"https:\/\/api.w.org\/{rel}","templated":true}]}}